{"id":28495,"date":"2021-06-13T12:30:27","date_gmt":"2021-06-13T17:30:27","guid":{"rendered":"http:\/\/www.zonaroja.com.mx\/?p=28495"},"modified":"2021-06-13T12:30:30","modified_gmt":"2021-06-13T17:30:30","slug":"un-ano-sin-justicia-para-alexander-el-menor-fue-baleado-por-policias-municipales","status":"publish","type":"post","link":"https:\/\/zonaroja.com.mx\/?p=28495","title":{"rendered":"Un a\u00f1o sin justicia para Alexander; el menor fue baleado por polic\u00edas municipales"},"content":{"rendered":"\n<p>Redacci\u00f3n\/Zona Roja.<\/p>\n\n\n\n<p>Ciudad de M\u00e9xico, 13 de junio de 2021.- Ha pasado un a\u00f1o del homicidio del joven Alexander Mart\u00ednez G\u00f3mez, que a sus 16 a\u00f1os de edad fue baleado por elementos de la polic\u00eda municipal de Acatl\u00e1n de P\u00e9rez Figueroa, Oaxaca, y a la fecha no hay justicia.<\/p>\n\n\n\n<p>\u201cChandler\u201d, como era conocido por familiares y amigos, ten\u00eda la ilusi\u00f3n de ser futbolista profesional, no alcanz\u00f3 a debutar en una cancha profesional, c\u00f3mo lo han logrado sus compa\u00f1eros, un sue\u00f1o truncado por una bala que se aloj\u00f3 en su cabeza, producto de los disparos de un elemento de la polic\u00eda municipal.<\/p>\n\n\n\n<p>En entrevista con Humberto Padgett y transmitida con Ciro G\u00f3mez Leyva en \u201cImagen Televisi\u00f3n\u201d, la se\u00f1ora Virginia G\u00f3mez asegura ante la tumba de su hijo que fue adornada como una cancha de f\u00fatbol, que su hijo deber\u00eda estar en una verdadera cancha.<\/p>\n\n\n\n<p>\u201cAl ir a ayer a dejar unas flores al pante\u00f3n, la tumba estaba adornada como una canchita de f\u00fatbol, mi hijo ten\u00eda que estar en una verdadera cancha, escalando su sue\u00f1o\u00bb.<\/p>\n\n\n\n<p>A \u201cChandler\u201d no s\u00f3lo le negaron sentir el pasto bajo sus pies y escuchar el alarido de la multitud cuando brincara al campo, pero el joven no hasta el momento no ha tenido justicia.<\/p>\n\n\n\n<p>Han pasado 365 d\u00edas despu\u00e9s de que su madre fuera a la morgue para reconocerlo.<\/p>\n\n\n\n<p>Hasta el momento, s\u00f3lo uno de los cinco polic\u00edas involucrados est\u00e1 procesado, m\u00e1s no sentenciado, mientras que los otros cuatro siguen libres, uniformados y armados.<\/p>\n\n\n\n<p>\u201cUn a\u00f1o esperando justicia, hemos exigido, ni hemos tenido una respuesta, lo \u00fanico que tenemos, es un polic\u00eda que no ha sido juzgado. Qu\u00e9 se imparta la justicia, hemos reunido pruebas, pruebas hay de sobra, que no haya m\u00e1s j\u00f3venes muertos\u00bb, asegur\u00f3 do\u00f1a Virginia G\u00f3mez.<\/p>\n\n\n\n<p>Con l\u00e1grimas en los ojos, la madre de \u201cChandler\u201d, asegur\u00f3 que jam\u00e1s sanar\u00e1 esa herida de ir a recoger a su hijo.<\/p>\n\n\n\n<p>\u201cJam\u00e1s voy a olvidar la noche en qu\u00e9 yo fui a recoger a mi hijo, que en un a\u00f1o la Fiscal\u00eda, no nos haya resuelto, y en un a\u00f1o, no nos hayan dado la cara\u00bb.<\/p>\n\n\n\n<p>Ha pasado un a\u00f1o y la familia Mart\u00ednez G\u00f3mez, solo exigen justicia a las autoridades que hasta el momento no responden a los llamados que se les hacen. El menor de edad, con nacionalidad mexicana y norteamericana, fue asesinado el 9 de junio del a\u00f1o 2020 por elementos de la polic\u00eda municipal de Acatl\u00e1n.<\/p>\n\n\n\n<p>(Informaci\u00f3n de \u00abExcelsior\u00bb)<\/p>\n","protected":false},"excerpt":{"rendered":"<p>Redacci\u00f3n\/Zona Roja. Ciudad de M\u00e9xico, 13 de junio de 2021.- Ha pasado un a\u00f1o del&hellip;<\/p>\n","protected":false},"author":2,"featured_media":14072,"comment_status":"closed","ping_status":"open","sticky":false,"template":"","format":"standard","meta":{"_lmt_disableupdate":"","_lmt_disable":"","_jetpack_memberships_contains_paid_content":false,"footnotes":""},"categories":[109,47],"tags":[1803],"class_list":["post-28495","post","type-post","status-publish","format-standard","has-post-thumbnail","hentry","category-minuto-a-minuto","category-zona-gris","tag-alexander-m-g"],"jetpack_featured_media_url":"https:\/\/zonaroja.com.mx\/wp-content\/uploads\/2020\/06\/Alexander-sepelio-2.jpg","jetpack_sharing_enabled":true,"_links":{"self":[{"href":"https:\/\/zonaroja.com.mx\/index.php?rest_route=\/wp\/v2\/posts\/28495","targetHints":{"allow":["GET"]}}],"collection":[{"href":"https:\/\/zonaroja.com.mx\/index.php?rest_route=\/wp\/v2\/posts"}],"about":[{"href":"https:\/\/zonaroja.com.mx\/index.php?rest_route=\/wp\/v2\/types\/post"}],"author":[{"embeddable":true,"href":"https:\/\/zonaroja.com.mx\/index.php?rest_route=\/wp\/v2\/users\/2"}],"replies":[{"embeddable":true,"href":"https:\/\/zonaroja.com.mx\/index.php?rest_route=%2Fwp%2Fv2%2Fcomments&post=28495"}],"version-history":[{"count":1,"href":"https:\/\/zonaroja.com.mx\/index.php?rest_route=\/wp\/v2\/posts\/28495\/revisions"}],"predecessor-version":[{"id":28496,"href":"https:\/\/zonaroja.com.mx\/index.php?rest_route=\/wp\/v2\/posts\/28495\/revisions\/28496"}],"wp:featuredmedia":[{"embeddable":true,"href":"https:\/\/zonaroja.com.mx\/index.php?rest_route=\/wp\/v2\/media\/14072"}],"wp:attachment":[{"href":"https:\/\/zonaroja.com.mx\/index.php?rest_route=%2Fwp%2Fv2%2Fmedia&parent=28495"}],"wp:term":[{"taxonomy":"category","embeddable":true,"href":"https:\/\/zonaroja.com.mx\/index.php?rest_route=%2Fwp%2Fv2%2Fcategories&post=28495"},{"taxonomy":"post_tag","embeddable":true,"href":"https:\/\/zonaroja.com.mx\/index.php?rest_route=%2Fwp%2Fv2%2Ftags&post=28495"}],"curies":[{"name":"wp","href":"https:\/\/api.w.org\/{rel}","templated":true}]}}