{"id":28497,"date":"2021-06-13T13:43:20","date_gmt":"2021-06-13T18:43:20","guid":{"rendered":"http:\/\/www.zonaroja.com.mx\/?p=28497"},"modified":"2021-06-13T13:43:23","modified_gmt":"2021-06-13T18:43:23","slug":"develan-mural-en-honor-a-maria-del-sol-en-la-capital-oaxaquena","status":"publish","type":"post","link":"https:\/\/zonaroja.com.mx\/?p=28497","title":{"rendered":"Develan mural en honor a Mar\u00eda del Sol, en la capital oaxaque\u00f1a"},"content":{"rendered":"\n<p>Redacci\u00f3n\/Zona Roja.<\/p>\n\n\n\n<p>Oaxaca de Ju\u00e1rez, Oax., 13 de junio de 2021.- La periodista Soledad Jarqu\u00edn Edgar y organizaciones feministas develaron un mural con el objetivo de honrar la vida de la joven fotoperiodista Mar\u00eda del Sol Cruz Jarqu\u00edn, en el marco de la campa\u00f1a \u201cJusticia para Sol es justicia para todas\u201d, a tres a\u00f1os de su feminicidio.<\/p>\n\n\n\n<p>La integrante de la directiva de Consorcio Oaxaca, Y\u00e9sica S\u00e1nchez Maya, expres\u00f3 la necesidad de que como sociedad no olvidemos a las v\u00edctimas de feminicidio en Oaxaca y que el mural es un recordatorio permanente de esta exigencia de justicia.<\/p>\n\n\n\n<p>\u201cLa impunidad, es tambi\u00e9n el olvido en el que pueden permanecer los casos. Hoy, estamos develando este hermoso mural para honrar la vida, la sonrisa y la alegr\u00eda de qui\u00e9n fue Mar\u00eda del Sol, pero tambi\u00e9n para recordar que seguiremos en esta exigencia de justicia, por ella y por todas\u201d, dijo S\u00e1nchez Maya.<\/p>\n\n\n\n<figure class=\"wp-block-embed-twitter wp-block-embed is-type-rich is-provider-twitter\"><div class=\"wp-block-embed__wrapper\">\n<div class=\"twitter-tweet\"><blockquote class=\"twitter-tweet\" data-lang=\"es\"><p lang=\"es\" dir=\"ltr\"><a href=\"https:\/\/twitter.com\/hashtag\/ENVIVO?src=hash&amp;ref_src=twsrc%5Etfw\">#ENVIVO<\/a> <br>Oaxaca de Ju\u00e1rez, Oax., 13 de junio de 2021.- Inauguraci\u00f3n de un mural dedicado a la fotoperiodista Mar\u00eda del Sol Cruz Jarqu\u00edn.<br><br>Siga aqu\u00ed la transmisi\u00f3n:<br>\ud83d\udc47<a href=\"https:\/\/t.co\/LysfkTT17H\">https:\/\/t.co\/LysfkTT17H<\/a> <a href=\"https:\/\/t.co\/o7j7xcek8P\">pic.twitter.com\/o7j7xcek8P<\/a><\/p>&mdash; Zona Roja Oaxaca (@Zona_Roja_Oax) <a href=\"https:\/\/twitter.com\/Zona_Roja_Oax\/status\/1404119208825344004?ref_src=twsrc%5Etfw\">13 de junio de 2021<\/a><\/blockquote><\/div>\n<\/div><\/figure>\n\n\n\n<p>El mural fue realizado por la artista Ana Xhopa,&nbsp; joven originaria de San Blas Atempa, en la regi\u00f3n del Istmo, quien manifest\u00f3 su preocupaci\u00f3n ante los feminicidios en su regi\u00f3n.<\/p>\n\n\n\n<p>\u201cHace una semana fueron asesinadas dos mujeres en el Istmo me preocupa que la violencia se est\u00e9 normalizando. Para m\u00ed el arte, no s\u00f3lo es para decorar las calles, tambi\u00e9n tiene que ser un medio d\u00f3nde podamos expresar las injusticias.<\/p>\n\n\n\n<p>\u201cEn este mural, quise plasmar la esencia de Mar\u00eda del Sol, representa eso, el brillo y la alegr\u00eda, y el mensaje es que si exigimos justicia por ella, se ver\u00e1n los dem\u00e1s casos que hay, que s\u00ed hoy honramos su vida, honramos la de las dem\u00e1s\u201d, dijo.<\/p>\n\n\n\n<p>Por su parte, Soledad Jarqu\u00edn Edgar agradeci\u00f3 a la joven artista Ana Xhopa, a la defensora Y\u00e9sica S\u00e1nchez Maya y a todas las personas que se han sumado a la campa\u00f1a para exigir justicia por el feminicidio de Mar\u00eda del Sol.<\/p>\n\n\n\n<p>\u201cAgradezco a mis hermanas, a mis hijas qui\u00e9nes son mi sost\u00e9n, por las muestras de sororidad, a Ana Xhopa por la belleza en la que logr\u00f3 plasmar la alegr\u00eda de Mar\u00eda del Sol\u201d, destac\u00f3.<\/p>\n\n\n\n<p>La develaci\u00f3n del mural estuvo a cargo de las hijas de Soledad Jarqu\u00edn, con la presencia de varios de sus familiares.<\/p>\n\n\n\n<figure class=\"wp-block-embed-twitter wp-block-embed is-type-rich is-provider-twitter\"><div class=\"wp-block-embed__wrapper\">\n<div class=\"twitter-tweet\"><blockquote class=\"twitter-tweet\" data-lang=\"es\"><p lang=\"es\" dir=\"ltr\"><a href=\"https:\/\/twitter.com\/hashtag\/JusticiaParaSol?src=hash&amp;ref_src=twsrc%5Etfw\">#JusticiaParaSol<\/a> <br>1. As\u00ed fue la develaci\u00f3n del mural en honor a Mar\u00eda del Sol Cruz Jarqu\u00edn, a un costado de la carretera Internacional a la altura de la colonia Am\u00e9rica, ciudad de Oaxaca. <a href=\"https:\/\/t.co\/ozYD4aW4wT\">pic.twitter.com\/ozYD4aW4wT<\/a><\/p>&mdash; Zona Roja Oaxaca (@Zona_Roja_Oax) <a href=\"https:\/\/twitter.com\/Zona_Roja_Oax\/status\/1404121389985112071?ref_src=twsrc%5Etfw\">13 de junio de 2021<\/a><\/blockquote><\/div>\n<\/div><\/figure>\n\n\n\n<p>Despu\u00e9s se realiz\u00f3 un concierto a cargo de las cantantes oaxaque\u00f1as Ana D\u00edaz y Liset Alejandra Salmer\u00f3n. Ambas expresaron su solidaridad con&nbsp; Soledad Jarqu\u00edn y suman sus voces para exigir justicia para Sol .<\/p>\n\n\n\n<p>El mural se encuentra ubicado en avenida de las Am\u00e9ricas &#8211;conocido tambi\u00e9n como carretera Internacional o bulevar Jos\u00e9 Vasconcelos&#8211; esquina con Per\u00fa en la colonia Am\u00e9rica del Sur en el municipio de Oaxaca de Ju\u00e1rez.<\/p>\n\n\n\n<p>\u201cJusticia para sol es Justicia para todas\u201d, es una campa\u00f1a impulsada por el Observatorio Ciudadano Nacional del Feminicidio, Consorcio para el Di\u00e1logo Parlamentario y la Equidad Oaxaca, el Grupo de Estudios \u201cRosario Castellanos\u201d, el Colectivo Mujer Nueva, Servicio Especial de la Mujer (Semmexico), la Liga Mexicana por la Defensa de los Derechos Humanos Oaxaca\u00a0 y el Consejo Ciudadano de Formaci\u00f3n y Cultura Autogestiva A.C.<\/p>\n\n\n\n<figure class=\"wp-block-embed-twitter wp-block-embed is-type-rich is-provider-twitter\"><div class=\"wp-block-embed__wrapper\">\n<div class=\"twitter-tweet\"><blockquote class=\"twitter-tweet\" data-lang=\"es\"><p lang=\"es\" dir=\"ltr\"><a href=\"https:\/\/twitter.com\/hashtag\/JusticiaParaSol?src=hash&amp;ref_src=twsrc%5Etfw\">#JusticiaParaSol<\/a> <br>2. Este es el mensaje de <a href=\"https:\/\/twitter.com\/jarquinedgar?ref_src=twsrc%5Etfw\">@jarquinedgar<\/a>, madre de Mar\u00eda del Sol Cruz Jarqu\u00edn, durante la develaci\u00f3n del mural de la fotoperiodista.<br>Agradeci\u00f3 y reconoci\u00f3 el respaldo de la sociedad civil y de organismos como <a href=\"https:\/\/twitter.com\/consorciooaxaca?ref_src=twsrc%5Etfw\">@consorciooaxaca<\/a>, por acompa\u00f1ar la lucha por tres a\u00f1os. <a href=\"https:\/\/t.co\/vXPiMrkRP6\">pic.twitter.com\/vXPiMrkRP6<\/a><\/p>&mdash; Zona Roja Oaxaca (@Zona_Roja_Oax) <a href=\"https:\/\/twitter.com\/Zona_Roja_Oax\/status\/1404133026389499915?ref_src=twsrc%5Etfw\">13 de junio de 2021<\/a><\/blockquote><\/div>\n<\/div><\/figure>\n\n\n\n<p>(Comunicado)<\/p>\n","protected":false},"excerpt":{"rendered":"<p>Redacci\u00f3n\/Zona Roja. Oaxaca de Ju\u00e1rez, Oax., 13 de junio de 2021.- La periodista Soledad Jarqu\u00edn&hellip;<\/p>\n","protected":false},"author":2,"featured_media":28498,"comment_status":"closed","ping_status":"open","sticky":false,"template":"","format":"standard","meta":{"_lmt_disableupdate":"","_lmt_disable":"","_jetpack_memberships_contains_paid_content":false,"footnotes":""},"categories":[1],"tags":[],"class_list":["post-28497","post","type-post","status-publish","format-standard","has-post-thumbnail","hentry","category-sin-categoria"],"jetpack_featured_media_url":"https:\/\/zonaroja.com.mx\/wp-content\/uploads\/2021\/06\/Mural-Maria-del-Sol-Cruz.jpg","jetpack_sharing_enabled":true,"_links":{"self":[{"href":"https:\/\/zonaroja.com.mx\/index.php?rest_route=\/wp\/v2\/posts\/28497","targetHints":{"allow":["GET"]}}],"collection":[{"href":"https:\/\/zonaroja.com.mx\/index.php?rest_route=\/wp\/v2\/posts"}],"about":[{"href":"https:\/\/zonaroja.com.mx\/index.php?rest_route=\/wp\/v2\/types\/post"}],"author":[{"embeddable":true,"href":"https:\/\/zonaroja.com.mx\/index.php?rest_route=\/wp\/v2\/users\/2"}],"replies":[{"embeddable":true,"href":"https:\/\/zonaroja.com.mx\/index.php?rest_route=%2Fwp%2Fv2%2Fcomments&post=28497"}],"version-history":[{"count":1,"href":"https:\/\/zonaroja.com.mx\/index.php?rest_route=\/wp\/v2\/posts\/28497\/revisions"}],"predecessor-version":[{"id":28499,"href":"https:\/\/zonaroja.com.mx\/index.php?rest_route=\/wp\/v2\/posts\/28497\/revisions\/28499"}],"wp:featuredmedia":[{"embeddable":true,"href":"https:\/\/zonaroja.com.mx\/index.php?rest_route=\/wp\/v2\/media\/28498"}],"wp:attachment":[{"href":"https:\/\/zonaroja.com.mx\/index.php?rest_route=%2Fwp%2Fv2%2Fmedia&parent=28497"}],"wp:term":[{"taxonomy":"category","embeddable":true,"href":"https:\/\/zonaroja.com.mx\/index.php?rest_route=%2Fwp%2Fv2%2Fcategories&post=28497"},{"taxonomy":"post_tag","embeddable":true,"href":"https:\/\/zonaroja.com.mx\/index.php?rest_route=%2Fwp%2Fv2%2Ftags&post=28497"}],"curies":[{"name":"wp","href":"https:\/\/api.w.org\/{rel}","templated":true}]}}