{"id":28503,"date":"2021-06-13T14:22:39","date_gmt":"2021-06-13T19:22:39","guid":{"rendered":"http:\/\/www.zonaroja.com.mx\/?p=28503"},"modified":"2021-06-13T14:22:42","modified_gmt":"2021-06-13T19:22:42","slug":"recibe-amlo-al-presidente-electo-de-santa-lucia-del-camino","status":"publish","type":"post","link":"https:\/\/zonaroja.com.mx\/?p=28503","title":{"rendered":"Recibe AMLO al presidente electo de Santa Luc\u00eda del Camino"},"content":{"rendered":"\n<p>Redacci\u00f3n\/Zona Roja.<\/p>\n\n\n\n<p>Oaxaca de Ju\u00e1rez, Oax., 13 de junio de 2021.- El Presidente de la Rep\u00fablica, Andr\u00e9s Manuel L\u00f3pez Obrador, recibi\u00f3 al edil electo de Santa Luc\u00eda del Camino, Juan Carlos Garc\u00eda M\u00e1rquez, quien gan\u00f3 las elecciones por el Partido Morena.<\/p>\n\n\n\n<p>Durante su estancia este fin de semana en Oaxaca, el mandatario federal dese\u00f3 \u00e9xito al presidente municipal, quien ya cuenta con la constancia de mayor\u00eda entregada por el Instituto Estatal Electoral y de Participaci\u00f3n Ciudadana de Oaxaca (IEEPCO).<\/p>\n\n\n\n<p>Garc\u00eda M\u00e1rquez tuvo la oportunidad de conversar con el Presidente esto a d\u00edas despu\u00e9s de haber concluido las elecciones y de haber recibido el documento que acredita su triunfo.<\/p>\n\n\n\n<p>Este encuentro fue fruct\u00edfero, donde el edil electo le expuso la situaci\u00f3n actual del municipio, las problem\u00e1ticas y carencias, y en que L\u00f3pez Obrador se vio muy interesado en generar sinergias para el beneficio de los ciudadanos de Santa Luc\u00eda del Camino.<\/p>\n\n\n\n<p>Pocos han sido los presidentes electos que se encuentran gestionado sin asumir el cargo oficialmente, ejemplo de esto es Juan Carlos Garc\u00eda M\u00e1rquez, inform\u00f3 su oficina de prensa.<\/p>\n\n\n\n<p>Detall\u00f3 que uno de los problemas que son prioridad, es atender el tema del desabasto de agua.<\/p>\n\n\n\n<p>\u201cEs un gusto ver que Garc\u00eda M\u00e1rquez trabaje a favor su pueblo, estamos seguros que grandes vientos soplaron en favor de este municipio que ha sido muy golpeado. Le deseamos la mejor de la suerte a los ciudadanos de este importante municipio que han vivido en el rezago durante muchas administraciones fallidas\u201d, remarc\u00f3 en un comunicado.<\/p>\n","protected":false},"excerpt":{"rendered":"<p>Redacci\u00f3n\/Zona Roja. Oaxaca de Ju\u00e1rez, Oax., 13 de junio de 2021.- El Presidente de la&hellip;<\/p>\n","protected":false},"author":2,"featured_media":28504,"comment_status":"closed","ping_status":"open","sticky":false,"template":"","format":"standard","meta":{"_lmt_disableupdate":"","_lmt_disable":"","_jetpack_memberships_contains_paid_content":false,"footnotes":""},"categories":[109,46],"tags":[2533],"class_list":["post-28503","post","type-post","status-publish","format-standard","has-post-thumbnail","hentry","category-minuto-a-minuto","category-zona-blanca","tag-juan-carlos-garcia-marquez"],"jetpack_featured_media_url":"https:\/\/zonaroja.com.mx\/wp-content\/uploads\/2021\/06\/Juan-Carlos-Garcia-Marquez-y-Lopez-Obrador.jpg","jetpack_sharing_enabled":true,"_links":{"self":[{"href":"https:\/\/zonaroja.com.mx\/index.php?rest_route=\/wp\/v2\/posts\/28503","targetHints":{"allow":["GET"]}}],"collection":[{"href":"https:\/\/zonaroja.com.mx\/index.php?rest_route=\/wp\/v2\/posts"}],"about":[{"href":"https:\/\/zonaroja.com.mx\/index.php?rest_route=\/wp\/v2\/types\/post"}],"author":[{"embeddable":true,"href":"https:\/\/zonaroja.com.mx\/index.php?rest_route=\/wp\/v2\/users\/2"}],"replies":[{"embeddable":true,"href":"https:\/\/zonaroja.com.mx\/index.php?rest_route=%2Fwp%2Fv2%2Fcomments&post=28503"}],"version-history":[{"count":1,"href":"https:\/\/zonaroja.com.mx\/index.php?rest_route=\/wp\/v2\/posts\/28503\/revisions"}],"predecessor-version":[{"id":28505,"href":"https:\/\/zonaroja.com.mx\/index.php?rest_route=\/wp\/v2\/posts\/28503\/revisions\/28505"}],"wp:featuredmedia":[{"embeddable":true,"href":"https:\/\/zonaroja.com.mx\/index.php?rest_route=\/wp\/v2\/media\/28504"}],"wp:attachment":[{"href":"https:\/\/zonaroja.com.mx\/index.php?rest_route=%2Fwp%2Fv2%2Fmedia&parent=28503"}],"wp:term":[{"taxonomy":"category","embeddable":true,"href":"https:\/\/zonaroja.com.mx\/index.php?rest_route=%2Fwp%2Fv2%2Fcategories&post=28503"},{"taxonomy":"post_tag","embeddable":true,"href":"https:\/\/zonaroja.com.mx\/index.php?rest_route=%2Fwp%2Fv2%2Ftags&post=28503"}],"curies":[{"name":"wp","href":"https:\/\/api.w.org\/{rel}","templated":true}]}}