{"id":28509,"date":"2021-06-13T20:12:48","date_gmt":"2021-06-14T01:12:48","guid":{"rendered":"http:\/\/www.zonaroja.com.mx\/?p=28509"},"modified":"2021-06-13T20:12:50","modified_gmt":"2021-06-14T01:12:50","slug":"registra-oaxaca-tres-homicidios-en-24-horas-dos-con-disparos-de-arma-de-fuego","status":"publish","type":"post","link":"https:\/\/zonaroja.com.mx\/?p=28509","title":{"rendered":"Registra Oaxaca tres homicidios en 24 horas; dos con disparos de arma de fuego"},"content":{"rendered":"\n<p>Redacci\u00f3n\/Zona Roja.<\/p>\n\n\n\n<p>Oaxaca de Ju\u00e1rez, Oax., 13 de junio de 2021.- En un lapso de poco m\u00e1s de 24 horas, en Oaxaca se registraron tres homicidios, dos de ellos de manera violenta, por disparos de arma de fuego.<\/p>\n\n\n\n<p>Esta ma\u00f1ana a la altura del kil\u00f3metro 223 de la carretera federal La Ventosa, Juchit\u00e1n-Mat\u00edas Romero, fue localizado el cuerpo sin vida de un individuo, con huellas de tortura y disparos de arma de fuego.<\/p>\n\n\n\n<p>El hombre se hallaba atado de pies y manos y no ten\u00eda ninguna documento de identificaci\u00f3n, por lo que a\u00fan se desconocen sus generales.<\/p>\n\n\n\n<p>Mientras tanto tambi\u00e9n la ma\u00f1ana de hoy pero en las riberas del r\u00edo \u201cAtoyac\u201d, a la altura de la colonia del Periodista de la ciudad de Oaxaca, un sujeto fue hallado muerto y presuntamente es un indigente.<\/p>\n\n\n\n<p>Inicialmente se inform\u00f3 que hab\u00eda sido atropellado y por cuya causa falleci\u00f3, sin embargo, no presentaba lesiones mayores. La v\u00edctima a\u00fan no es identificada.<\/p>\n\n\n\n<p>Apenas el pasado viernes otro individuo fue hallado muerto, tambi\u00e9n presuntamente indigente, debajo del puente elevado del crucero vial de Cinco Se\u00f1ores.<\/p>\n\n\n\n<p>Mientras que el viernes por la tarde, localizaron a un individuo ejecutado, en el interior de una camioneta marca Chevrolet, color gris, con placas de circulaci\u00f3n HG-7507 del estado de Guerrero, en el municipio de Santiago Tetepec, en la regi\u00f3n de la Costa.<\/p>\n\n\n\n<p>Presenta disparos de arma de fuego y la unidad se localiz\u00f3 en el camino que comunica a las comunidades de Lindavista con Ocotl\u00e1n; el cuerpo tampoco ha sido identificada de manera legal.<\/p>\n","protected":false},"excerpt":{"rendered":"<p>Redacci\u00f3n\/Zona Roja. Oaxaca de Ju\u00e1rez, Oax., 13 de junio de 2021.- En un lapso de&hellip;<\/p>\n","protected":false},"author":2,"featured_media":28510,"comment_status":"closed","ping_status":"open","sticky":false,"template":"","format":"standard","meta":{"_lmt_disableupdate":"","_lmt_disable":"","_jetpack_memberships_contains_paid_content":false,"footnotes":""},"categories":[109,51],"tags":[2080],"class_list":["post-28509","post","type-post","status-publish","format-standard","has-post-thumbnail","hentry","category-minuto-a-minuto","category-zona-roja","tag-santiago-tetepec"],"jetpack_featured_media_url":"https:\/\/zonaroja.com.mx\/wp-content\/uploads\/2021\/06\/Indigente-muerto-ciudd-de-Oxaca.jpg","jetpack_sharing_enabled":true,"_links":{"self":[{"href":"https:\/\/zonaroja.com.mx\/index.php?rest_route=\/wp\/v2\/posts\/28509","targetHints":{"allow":["GET"]}}],"collection":[{"href":"https:\/\/zonaroja.com.mx\/index.php?rest_route=\/wp\/v2\/posts"}],"about":[{"href":"https:\/\/zonaroja.com.mx\/index.php?rest_route=\/wp\/v2\/types\/post"}],"author":[{"embeddable":true,"href":"https:\/\/zonaroja.com.mx\/index.php?rest_route=\/wp\/v2\/users\/2"}],"replies":[{"embeddable":true,"href":"https:\/\/zonaroja.com.mx\/index.php?rest_route=%2Fwp%2Fv2%2Fcomments&post=28509"}],"version-history":[{"count":1,"href":"https:\/\/zonaroja.com.mx\/index.php?rest_route=\/wp\/v2\/posts\/28509\/revisions"}],"predecessor-version":[{"id":28511,"href":"https:\/\/zonaroja.com.mx\/index.php?rest_route=\/wp\/v2\/posts\/28509\/revisions\/28511"}],"wp:featuredmedia":[{"embeddable":true,"href":"https:\/\/zonaroja.com.mx\/index.php?rest_route=\/wp\/v2\/media\/28510"}],"wp:attachment":[{"href":"https:\/\/zonaroja.com.mx\/index.php?rest_route=%2Fwp%2Fv2%2Fmedia&parent=28509"}],"wp:term":[{"taxonomy":"category","embeddable":true,"href":"https:\/\/zonaroja.com.mx\/index.php?rest_route=%2Fwp%2Fv2%2Fcategories&post=28509"},{"taxonomy":"post_tag","embeddable":true,"href":"https:\/\/zonaroja.com.mx\/index.php?rest_route=%2Fwp%2Fv2%2Ftags&post=28509"}],"curies":[{"name":"wp","href":"https:\/\/api.w.org\/{rel}","templated":true}]}}