{"id":2851,"date":"2019-08-05T21:49:36","date_gmt":"2019-08-06T02:49:36","guid":{"rendered":"http:\/\/www.zonaroja.com.mx\/?p=2851"},"modified":"2019-08-05T21:49:39","modified_gmt":"2019-08-06T02:49:39","slug":"lunes-con-dos-crimenes-en-oaxaca-uno-de-ellos-de-una-femenina","status":"publish","type":"post","link":"https:\/\/zonaroja.com.mx\/?p=2851","title":{"rendered":"Lunes con dos cr\u00edmenes en Oaxaca, uno de ellos de una femenina"},"content":{"rendered":"\n<p>Redacci\u00f3n\/Zona\nRoja.<\/p>\n\n\n\n<p>Oaxaca de\nJu\u00e1rez, Oax., 5 de agosto de 2019.- Dos asesinatos fueron perpetrados en Oaxaca\neste lunes, uno de ellos en la regi\u00f3n de la Cuenca del Papaloapan y otro en la\nCosta.<\/p>\n\n\n\n<p>La tarde de\nhoy en el sanitario del centro comercial Chedraui de Santa Cruz Huatulco fue\nlocalizada una mujer en un charco de sangre, presuntamente asesinada. <\/p>\n\n\n\n<p>Autoridades\nministeriales y de la tienda departamental han filtrado que se tratar\u00eda de un\nsuicidio. Sin embargo, hasta esta noche no hay ning\u00fan elemento para definir el\ntipo de homicidio como tampoco el nombre de la v\u00edctima, que se presume es\nextranjera.<\/p>\n\n\n\n<p>Horas antes,\nen la calle Zaragoza, entre Libertad y Carranza, colonia La Piragua de San Juan\nBautista Tuxtepec, fue ultimado a balazos un individuo.<\/p>\n\n\n\n<p>Fue\nidentificado posteriormente como H\u00e9ctor Manuel Garc\u00eda, de 33 a\u00f1os de edad, de\noficio chofer del transporte urbano; hasta esta noche en ambos casos no hay\npersonas detenidas ni probables responsables de los cr\u00edmenes.<\/p>\n","protected":false},"excerpt":{"rendered":"<p>Redacci\u00f3n\/Zona Roja. Oaxaca de Ju\u00e1rez, Oax., 5 de agosto de 2019.- Dos asesinatos fueron perpetrados&hellip;<\/p>\n","protected":false},"author":2,"featured_media":2852,"comment_status":"closed","ping_status":"open","sticky":false,"template":"","format":"standard","meta":{"_lmt_disableupdate":"","_lmt_disable":"","_jetpack_memberships_contains_paid_content":false,"footnotes":""},"categories":[51],"tags":[486],"class_list":["post-2851","post","type-post","status-publish","format-standard","has-post-thumbnail","hentry","category-zona-roja","tag-asesinan-a-mujer-en-huatulco"],"jetpack_featured_media_url":"https:\/\/zonaroja.com.mx\/wp-content\/uploads\/2019\/08\/eZy-Watermark_05-08-2019_07-20-12p.-m..jpg","jetpack_sharing_enabled":true,"_links":{"self":[{"href":"https:\/\/zonaroja.com.mx\/index.php?rest_route=\/wp\/v2\/posts\/2851","targetHints":{"allow":["GET"]}}],"collection":[{"href":"https:\/\/zonaroja.com.mx\/index.php?rest_route=\/wp\/v2\/posts"}],"about":[{"href":"https:\/\/zonaroja.com.mx\/index.php?rest_route=\/wp\/v2\/types\/post"}],"author":[{"embeddable":true,"href":"https:\/\/zonaroja.com.mx\/index.php?rest_route=\/wp\/v2\/users\/2"}],"replies":[{"embeddable":true,"href":"https:\/\/zonaroja.com.mx\/index.php?rest_route=%2Fwp%2Fv2%2Fcomments&post=2851"}],"version-history":[{"count":1,"href":"https:\/\/zonaroja.com.mx\/index.php?rest_route=\/wp\/v2\/posts\/2851\/revisions"}],"predecessor-version":[{"id":2853,"href":"https:\/\/zonaroja.com.mx\/index.php?rest_route=\/wp\/v2\/posts\/2851\/revisions\/2853"}],"wp:featuredmedia":[{"embeddable":true,"href":"https:\/\/zonaroja.com.mx\/index.php?rest_route=\/wp\/v2\/media\/2852"}],"wp:attachment":[{"href":"https:\/\/zonaroja.com.mx\/index.php?rest_route=%2Fwp%2Fv2%2Fmedia&parent=2851"}],"wp:term":[{"taxonomy":"category","embeddable":true,"href":"https:\/\/zonaroja.com.mx\/index.php?rest_route=%2Fwp%2Fv2%2Fcategories&post=2851"},{"taxonomy":"post_tag","embeddable":true,"href":"https:\/\/zonaroja.com.mx\/index.php?rest_route=%2Fwp%2Fv2%2Ftags&post=2851"}],"curies":[{"name":"wp","href":"https:\/\/api.w.org\/{rel}","templated":true}]}}