{"id":28512,"date":"2021-06-13T22:20:05","date_gmt":"2021-06-14T03:20:05","guid":{"rendered":"http:\/\/www.zonaroja.com.mx\/?p=28512"},"modified":"2021-06-13T22:20:10","modified_gmt":"2021-06-14T03:20:10","slug":"en-proximo-sexenio-estatal-se-culminara-obra-de-supercarretera-al-istmo","status":"publish","type":"post","link":"https:\/\/zonaroja.com.mx\/?p=28512","title":{"rendered":"En pr\u00f3ximo sexenio estatal se culminar\u00e1 obra de supercarretera al Istmo"},"content":{"rendered":"\n<p>Redacci\u00f3n\/Zona Roja.<\/p>\n\n\n\n<p>Oaxaca de Ju\u00e1rez, Oax., 13 de junio de 2021.- Hasta julio de 2023 ser\u00e1 concluida la construcci\u00f3n de la supercarretera Oaxaca-Istmo, en su tramo Mitla-Tehuantepec, confirm\u00f3 el Presidente Andr\u00e9s Manuel L\u00f3pez Obrador.<\/p>\n\n\n\n<p>En su tercer y \u00faltimo d\u00eda de gira de trabajo con el gobernador de Oaxaca, Andr\u00e9s Manuel L\u00f3pez Obrador, ambos hicieron un recorrido por dicha obra, que fue iniciada por el padre del mandatario estatal, Jos\u00e9 Murat Casab.<\/p>\n\n\n\n<p>En Santo Domingo Tepuxtepec evaluaron las acciones, donde se inform\u00f3 que registra un avance global del 55 por ciento y se prev\u00e9 concluirlo en el a\u00f1o 2023.<\/p>\n\n\n\n<p>Murat Honojosa resalt\u00f3 el decidido respaldo para concretar esta obra que \u201cdurante m\u00e1s de una d\u00e9cada fue emblema de la corrupci\u00f3n y el enga\u00f1o, pero hoy, con la suma de voluntades se est\u00e1 consolidando como la autopista de la palabra cumplida\u201d.<\/p>\n\n\n\n<p>A\u00f1adi\u00f3 que con esta autopista -en la que se invierten 12 mil millones de pesos, y que beneficiar\u00e1 a 80 mil oaxaque\u00f1os de 14 comunidades, desde Mitla a Mixtequilla, pasando por las comunidades de la Sierra Mixe-, se est\u00e1 generando un proyecto integral de desarrollo, que junto con el Proyecto Interoce\u00e1nico y los programas sociales que se impulsan en la entidad, busca saldar la deuda hist\u00f3rica con los m\u00e1s necesitados del sureste del pa\u00eds.<\/p>\n\n\n\n<figure class=\"wp-block-embed-twitter wp-block-embed is-type-rich is-provider-twitter\"><div class=\"wp-block-embed__wrapper\">\n<div class=\"twitter-tweet\"><blockquote class=\"twitter-tweet\" data-lang=\"es\"><p lang=\"es\" dir=\"ltr\"><a href=\"https:\/\/twitter.com\/hashtag\/%C3%9AltimoMinuto?src=hash&amp;ref_src=twsrc%5Etfw\">#\u00daltimoMinuto<\/a> <br>En el acto en Santo Domingo Tepuxtepec, este es el mensaje del gobernador <a href=\"https:\/\/twitter.com\/alejandromurat?ref_src=twsrc%5Etfw\">@AlejandroMurat<\/a> Hinojosa, al culminar la gira de trabajo de tres d\u00edas con la presencia del presidente Andr\u00e9s Manuel L\u00f3pez Obrador. <a href=\"https:\/\/t.co\/6qmUa8sn7Z\">pic.twitter.com\/6qmUa8sn7Z<\/a><\/p>&mdash; Zona Roja Oaxaca (@Zona_Roja_Oax) <a href=\"https:\/\/twitter.com\/Zona_Roja_Oax\/status\/1404142979380559875?ref_src=twsrc%5Etfw\">13 de junio de 2021<\/a><\/blockquote><\/div>\n<\/div><\/figure>\n\n\n\n<p>El Presidente de M\u00e9xico refrend\u00f3 su compromiso para seguir adelante, trabajando por el pueblo de Oaxaca, junto al Gobernador del Estado; al tiempo de reconocer por igual la suma de voluntades y compromiso de la empresa constructora filial Concesionaria Autov\u00eda Mitla Tehuantepec, S.A. de C.V., para alcanzar los objetivos y metas planteadas.<\/p>\n\n\n\n<p>\u201cAqu\u00ed est\u00e1 el ejemplo de c\u00f3mo estamos sumando esfuerzos y voluntades, todos. Vamos a seguir adelante, trabajando en Oaxaca con el Gobernador, con quien nos llevamos muy bien y por eso se avanza en beneficio del pueblo y de M\u00e9xico\u201d, dijo.<\/p>\n\n\n\n<p>En su intervenci\u00f3n, el secretario de Comunicaciones y Transportes, Jorge Arganis D\u00edaz Leal, mencion\u00f3 que a la fecha se tienen 158 obras en la entidad, que representan una inversi\u00f3n para este a\u00f1o de 4 mil 231 millones de pesos; adem\u00e1s \u2013dijo- que dentro de los programas que se ejecutan, sobresale el de la pavimentaci\u00f3n a cabeceras municipales, con un monto de 2 mil 300 millones de pesos y una meta de 551 kil\u00f3metros.<\/p>\n\n\n\n<figure class=\"wp-block-embed-twitter wp-block-embed is-type-rich is-provider-twitter\"><div class=\"wp-block-embed__wrapper\">\n<div class=\"twitter-tweet\"><blockquote class=\"twitter-tweet\" data-lang=\"es\"><p lang=\"es\" dir=\"ltr\"><a href=\"https:\/\/twitter.com\/hashtag\/%C3%9AltimoMinuto?src=hash&amp;ref_src=twsrc%5Etfw\">#\u00daltimoMinuto<\/a> <br>Con la supervisi\u00f3n de la obra de la supercarretera Oaxaca-Istmo, en Santo Domingo Tepuxtepec, culminan tres d\u00edas de gira de trabajo del presidente Andr\u00e9s Manuel L\u00f3pez Obrador, acompa\u00f1ado del gobernador <a href=\"https:\/\/twitter.com\/alejandromurat?ref_src=twsrc%5Etfw\">@alejandromurat<\/a>. <a href=\"https:\/\/t.co\/PEjFbbdQoc\">pic.twitter.com\/PEjFbbdQoc<\/a><\/p>&mdash; Zona Roja Oaxaca (@Zona_Roja_Oax) <a href=\"https:\/\/twitter.com\/Zona_Roja_Oax\/status\/1404135766419283970?ref_src=twsrc%5Etfw\">13 de junio de 2021<\/a><\/blockquote><\/div>\n<\/div><\/figure>\n\n\n\n<p>Asimismo, dijo que agregando los recursos destinados a la modernizaci\u00f3n y conservaci\u00f3n de carreteras federales, a las v\u00edas libres de peaje, as\u00ed como a los caminos rurales y alimentadores, se tiene un total de 3 mil 625 kil\u00f3metros en el estado.<\/p>\n\n\n\n<p>\u201cLa ejecuci\u00f3n de estos trabajos denota el car\u00e1cter prioritario que tienen las v\u00edas de comunicaci\u00f3n en Oaxaca, con el objetivo de promover el desarrollo econ\u00f3mico de la regi\u00f3n, y desde luego hay que mencionar las carreteras concesionadas que permitir\u00e1n materializar proyectos largamente anhelados y en los que converge la excelente coordinaci\u00f3n que existe entre todas las instancias involucradas\u201d, finaliz\u00f3.<\/p>\n","protected":false},"excerpt":{"rendered":"<p>Redacci\u00f3n\/Zona Roja. Oaxaca de Ju\u00e1rez, Oax., 13 de junio de 2021.- Hasta julio de 2023&hellip;<\/p>\n","protected":false},"author":2,"featured_media":28513,"comment_status":"closed","ping_status":"open","sticky":false,"template":"","format":"standard","meta":{"_lmt_disableupdate":"","_lmt_disable":"","_jetpack_memberships_contains_paid_content":false,"footnotes":""},"categories":[109,47],"tags":[1536],"class_list":["post-28512","post","type-post","status-publish","format-standard","has-post-thumbnail","hentry","category-minuto-a-minuto","category-zona-gris","tag-visita-andres-manuel-lopez-obrador-a-oaxaca"],"jetpack_featured_media_url":"https:\/\/zonaroja.com.mx\/wp-content\/uploads\/2021\/06\/Supercarretera-al-Istmo.png","jetpack_sharing_enabled":true,"_links":{"self":[{"href":"https:\/\/zonaroja.com.mx\/index.php?rest_route=\/wp\/v2\/posts\/28512","targetHints":{"allow":["GET"]}}],"collection":[{"href":"https:\/\/zonaroja.com.mx\/index.php?rest_route=\/wp\/v2\/posts"}],"about":[{"href":"https:\/\/zonaroja.com.mx\/index.php?rest_route=\/wp\/v2\/types\/post"}],"author":[{"embeddable":true,"href":"https:\/\/zonaroja.com.mx\/index.php?rest_route=\/wp\/v2\/users\/2"}],"replies":[{"embeddable":true,"href":"https:\/\/zonaroja.com.mx\/index.php?rest_route=%2Fwp%2Fv2%2Fcomments&post=28512"}],"version-history":[{"count":1,"href":"https:\/\/zonaroja.com.mx\/index.php?rest_route=\/wp\/v2\/posts\/28512\/revisions"}],"predecessor-version":[{"id":28514,"href":"https:\/\/zonaroja.com.mx\/index.php?rest_route=\/wp\/v2\/posts\/28512\/revisions\/28514"}],"wp:featuredmedia":[{"embeddable":true,"href":"https:\/\/zonaroja.com.mx\/index.php?rest_route=\/wp\/v2\/media\/28513"}],"wp:attachment":[{"href":"https:\/\/zonaroja.com.mx\/index.php?rest_route=%2Fwp%2Fv2%2Fmedia&parent=28512"}],"wp:term":[{"taxonomy":"category","embeddable":true,"href":"https:\/\/zonaroja.com.mx\/index.php?rest_route=%2Fwp%2Fv2%2Fcategories&post=28512"},{"taxonomy":"post_tag","embeddable":true,"href":"https:\/\/zonaroja.com.mx\/index.php?rest_route=%2Fwp%2Fv2%2Ftags&post=28512"}],"curies":[{"name":"wp","href":"https:\/\/api.w.org\/{rel}","templated":true}]}}