{"id":28518,"date":"2021-06-14T06:57:13","date_gmt":"2021-06-14T11:57:13","guid":{"rendered":"http:\/\/www.zonaroja.com.mx\/?p=28518"},"modified":"2021-06-14T06:57:16","modified_gmt":"2021-06-14T11:57:16","slug":"confirman-7-mujeres-gobernadoras-y-hasta-91-diputaciones-para-sectores-marginados","status":"publish","type":"post","link":"https:\/\/zonaroja.com.mx\/?p=28518","title":{"rendered":"Confirman 7 mujeres gobernadoras y hasta 91 diputaciones para sectores marginados"},"content":{"rendered":"\n<p>Redacci\u00f3n\/Zona Roja Cdmx.<\/p>\n\n\n\n<p>Ciudad de M\u00e9xico, 14 de junio de 2021.- Las elecciones del domingo 6 de junio son hist\u00f3ricas en el pa\u00eds, porque por primera vez, siete entidades ser\u00e1n gobernadas por mujeres.<\/p>\n\n\n\n<p>Asimismo, hay 60 diputaciones de mayor\u00eda relativa confirmadas para candidatos ind\u00edgenas, afromexicanos, con alguna discapacidad y para la comunidad LGTB+, as\u00ed como 31 posibles curules plurinominales para esos sectores poblacionales.<\/p>\n\n\n\n<p>Las gobernadoras electas son: Maru Campos en Chihuahua; Evelyn Salgado en Guerrero; Indira Vizca\u00edno en Colima; Lorena Cu\u00e9llar en Tlaxcala; Layda Sansores en Campeche; y Marina del Pilar \u00c1vila en Baja California.<\/p>\n\n\n\n<p>Ellas se suman a Claudia Sheinbaum, actual mandataria de la Ciudad de M\u00e9xico.<\/p>\n\n\n\n<p>\u201cEsta ser\u00e1 la primera ocasi\u00f3n en el pa\u00eds que tendremos a siete mujeres como titulares del Poder Ejecutivo, ya que adem\u00e1s de la Jefa de Gobierno actual, ganaron la elecci\u00f3n seis mujeres a la Gubernatura de Baja California, Colima, Guerrero, Tlaxcala, Campeche y Chihuahua\u201d, enfatiz\u00f3 Carla Humphrey Jordan, consejera del Instituto Nacional Electoral (INE).<\/p>\n\n\n\n<p>DIPUTACIONES HIST\u00d3RICAS<\/p>\n\n\n\n<p>Subray\u00f3 que, a consecuencia de las cinco acciones afirmativas aprobadas por el INE, ingresar\u00edan a la C\u00e1mara de Diputados un total de 60 f\u00f3rmulas por Mayor\u00eda Relativa: por la acci\u00f3n afirmativa ind\u00edgena, 20 triunfos; para la comunidad afromexicana, cuatro; de la diversidad sexual, dos y tres de las de personas con discapacidad.<\/p>\n\n\n\n<p>Agreg\u00f3 que, de las 199 candidaturas de Representaci\u00f3n Proporcional, se pueden adelantar estos c\u00e1lculos preliminares: acci\u00f3n afirmativa ind\u00edgena, 13; afromexicanas, dos; de la diversidad sexual, tres; de discapacidad, cuatro y migrantes nueve.<\/p>\n\n\n\n<p>El total de probables triunfos en candidaturas de Representaci\u00f3n Proporcional ser\u00eda de 31 asientos, lo que equivale a 15.5 por ciento del total de postulaciones por este principio.<\/p>\n\n\n\n<p>Las y los candidatos ganadores a diputaciones federales ya recibieron sus constancias de mayor\u00eda en cada uno de los 300 consejos distritales y, tras la resoluci\u00f3n de las impugnaciones que se puedan presentar en el Tribunal Electoral del Poder Judicial de la Federaci\u00f3n, se proceder\u00e1 a realizar la asignaci\u00f3n de los 200 esca\u00f1os de Representaci\u00f3n Proporcional.<\/p>\n\n\n\n<p>El consejero presidente, Lorenzo C\u00f3rdova Vianello, destac\u00f3 que los resultados de los comicios federales y locales demostraron la fortaleza del Sistema Electoral mexicano y evidenciaron la contribuci\u00f3n del Sistema Nacional de Elecciones para garantizar condiciones de equidad en la competencia democr\u00e1tica en cada una de las 32 entidades federativas.<\/p>\n\n\n\n<p>\u201cEstos comicios demostraron, una vez m\u00e1s, que el pluralismo pol\u00edtico en M\u00e9xico es din\u00e1mico y vigoroso; por lo que ninguna fuerza pol\u00edtica puede dar por asegurado ni el triunfo propio, ni el rechazo de los contrarios en las urnas\u201d, asever\u00f3<\/p>\n\n\n\n<p>Segundo, los 49.1 millones de votantes que acudieron a las urnas el 6 de junio, demuestran que la mayor\u00eda de la ciudadan\u00eda asumi\u00f3 un compromiso activo para vivir en una democracia; es decir, vot\u00f3 para decidir en condiciones de igualdad sobre el futuro del pa\u00eds, y emiti\u00f3 un voto diferenciado en favor de una naci\u00f3n con divisi\u00f3n y equilibrio de poderes.<\/p>\n\n\n\n<p>(Informaci\u00f3n de \u201cEl Financiero\u201d)<\/p>\n","protected":false},"excerpt":{"rendered":"<p>Redacci\u00f3n\/Zona Roja Cdmx. Ciudad de M\u00e9xico, 14 de junio de 2021.- Las elecciones del domingo&hellip;<\/p>\n","protected":false},"author":2,"featured_media":28519,"comment_status":"closed","ping_status":"open","sticky":false,"template":"","format":"standard","meta":{"_lmt_disableupdate":"","_lmt_disable":"","_jetpack_memberships_contains_paid_content":false,"footnotes":""},"categories":[109,46],"tags":[2740],"class_list":["post-28518","post","type-post","status-publish","format-standard","has-post-thumbnail","hentry","category-minuto-a-minuto","category-zona-blanca","tag-gobernadoras-electas-mexico"],"jetpack_featured_media_url":"https:\/\/zonaroja.com.mx\/wp-content\/uploads\/2021\/06\/Gobernadoras-electas-Mexico.jpg","jetpack_sharing_enabled":true,"_links":{"self":[{"href":"https:\/\/zonaroja.com.mx\/index.php?rest_route=\/wp\/v2\/posts\/28518","targetHints":{"allow":["GET"]}}],"collection":[{"href":"https:\/\/zonaroja.com.mx\/index.php?rest_route=\/wp\/v2\/posts"}],"about":[{"href":"https:\/\/zonaroja.com.mx\/index.php?rest_route=\/wp\/v2\/types\/post"}],"author":[{"embeddable":true,"href":"https:\/\/zonaroja.com.mx\/index.php?rest_route=\/wp\/v2\/users\/2"}],"replies":[{"embeddable":true,"href":"https:\/\/zonaroja.com.mx\/index.php?rest_route=%2Fwp%2Fv2%2Fcomments&post=28518"}],"version-history":[{"count":1,"href":"https:\/\/zonaroja.com.mx\/index.php?rest_route=\/wp\/v2\/posts\/28518\/revisions"}],"predecessor-version":[{"id":28520,"href":"https:\/\/zonaroja.com.mx\/index.php?rest_route=\/wp\/v2\/posts\/28518\/revisions\/28520"}],"wp:featuredmedia":[{"embeddable":true,"href":"https:\/\/zonaroja.com.mx\/index.php?rest_route=\/wp\/v2\/media\/28519"}],"wp:attachment":[{"href":"https:\/\/zonaroja.com.mx\/index.php?rest_route=%2Fwp%2Fv2%2Fmedia&parent=28518"}],"wp:term":[{"taxonomy":"category","embeddable":true,"href":"https:\/\/zonaroja.com.mx\/index.php?rest_route=%2Fwp%2Fv2%2Fcategories&post=28518"},{"taxonomy":"post_tag","embeddable":true,"href":"https:\/\/zonaroja.com.mx\/index.php?rest_route=%2Fwp%2Fv2%2Ftags&post=28518"}],"curies":[{"name":"wp","href":"https:\/\/api.w.org\/{rel}","templated":true}]}}