{"id":28524,"date":"2021-06-14T07:31:17","date_gmt":"2021-06-14T12:31:17","guid":{"rendered":"http:\/\/www.zonaroja.com.mx\/?p=28524"},"modified":"2021-06-14T07:31:20","modified_gmt":"2021-06-14T12:31:20","slug":"llegan-mujeres-del-viento-florido-al-festival-internacional-summit","status":"publish","type":"post","link":"https:\/\/zonaroja.com.mx\/?p=28524","title":{"rendered":"Llegan \u201cMujeres del Viento Florido\u201d al Festival Internacional Summit"},"content":{"rendered":"\n<p>Evlin Arag\u00f3n\/Zona Roja.<\/p>\n\n\n\n<p>Oaxaca de Ju\u00e1rez, Oax., 14 de junio de 2021.- Reconociendo su calidad y amplia trayectoria en la m\u00fasica, las integrantes de la Banda Femenil Regional \u201cMujeres del Viento Florido\u201d participaron en el Festival Internacional Indigenous Music Summit, organizado para dar a conocer proyectos encabezado por artistas de origen ind\u00edgena de toda Latinoam\u00e9rica.&nbsp;<\/p>\n\n\n\n<p>La agrupaci\u00f3n, bajo la direcci\u00f3n de la profesora Leticia Gallardo Mart\u00ednez, se present\u00f3 con dos canciones tituladas \u201cMujeres\u201d y \u201cLloviznaba\u201d con las cuales demostraron no s\u00f3lo el talento musical, sino la pasi\u00f3n y la alegr\u00eda con la que interpretan cada una de sus piezas.<\/p>\n\n\n\n<p>Las dos melod\u00edas presentadas en el festival virtual, fueron escritas por integrantes de la banda, quienes no s\u00f3lo tocan alg\u00fan instrumento, sino que se adentran en la composici\u00f3n y los arreglos, mucho antes de la interpretaci\u00f3n.&nbsp;<\/p>\n\n\n\n<p>\u201cNos dijeron que no podemos y demostramos que s\u00ed. No tenemos que ser perfectas, siempre dar\u00e9 lo mejor de m\u00ed. Agradecemos a las que abrieron el paso y a las que vendr\u00e1n despu\u00e9s. La ayuda que nos brindamos tocando juntas como mujer.<\/p>\n\n\n\n<p>\u201cQu\u00e9 hacemos en una banda, tocamos como mujer. Tocamos con alegr\u00eda, tocamos con muchas ganas. Qu\u00e9 hacemos en una banda, tocamos entre amigas, tocamos con mucho amor, con todo el coraz\u00f3n\u201d, son parte de las estrofas de la canci\u00f3n Mujeres.&nbsp;<\/p>\n\n\n\n<p>Apenas el jueves, la cantante chilena Mon Laferte estren\u00f3 en sus plataformas digitales un micro documental donde da a conocer la colaboraci\u00f3n que hizo con la Banda Femenil Regional \u201cMujeres del Viento Florido\u201d para su m\u00e1s reciente producci\u00f3n titulada \u201cSeis\u201d y donde ambas interpretan el tema \u201cSe va la vida\u201d.<\/p>\n\n\n\n<figure class=\"wp-block-image size-large\"><img decoding=\"async\" width=\"680\" height=\"680\" src=\"http:\/\/www.zonaroja.com.mx\/wp-content\/uploads\/2021\/06\/Viento-florido-concierto.jpg\" alt=\"\" class=\"wp-image-28526\" srcset=\"https:\/\/zonaroja.com.mx\/wp-content\/uploads\/2021\/06\/Viento-florido-concierto.jpg 680w, https:\/\/zonaroja.com.mx\/wp-content\/uploads\/2021\/06\/Viento-florido-concierto-300x300.jpg 300w, https:\/\/zonaroja.com.mx\/wp-content\/uploads\/2021\/06\/Viento-florido-concierto-150x150.jpg 150w, https:\/\/zonaroja.com.mx\/wp-content\/uploads\/2021\/06\/Viento-florido-concierto-585x585.jpg 585w, https:\/\/zonaroja.com.mx\/wp-content\/uploads\/2021\/06\/Viento-florido-concierto-640x640.jpg 640w\" sizes=\"(max-width: 680px) 100vw, 680px\" \/><\/figure>\n\n\n\n<p>Lo anterior les vali\u00f3 decenas de felicitaciones y m\u00e1s seguidores en sus redes sociales. Adem\u00e1s del reconocimiento por la calidad musical e interpretativa con la que cuentan y que las ha distinguido desde el momento de su formaci\u00f3n en el 2006.&nbsp;&nbsp;&nbsp;<\/p>\n\n\n\n<p>El Festival Internacional Indigenous Music Summit es una iniciativa Rub\u00e9n Beny Esguerra con la intenci\u00f3n de presentar artistas latinoamericanos que representan territorios ind\u00edgenas en M\u00e9xico, Panam\u00e1, Colombia, Brasil y Chile.<\/p>\n\n\n\n<p>La iniciativa ha sido inspirada por la profec\u00eda del \u00e1guila y el c\u00f3ndor que relata la reunificaci\u00f3n de las aves, el c\u00f3ndor representando el sur y el \u00e1guila al norte, mismas que empezaron a volar separadas a partir de la colonizaci\u00f3n de los pueblos originarios.&nbsp;<\/p>\n\n\n\n<p>La profec\u00eda tambi\u00e9n menciona que, actualmente, las dos aves est\u00e1n volviendo juntas por lo que la gente de ambos territorios comienza a colaborar, se despierta y vuelve a la forma tradicional de entender su relaci\u00f3n con la tierra, las estrellas y sus medicinas y sus instrumentos tradicionales.<\/p>\n\n\n\n<p>\u201cEst\u00e1 iniciativa es un ejemplo de esa reunificaci\u00f3n\u201d, explic\u00f3 Rub\u00e9n Beny Esguerra, impulsor del festival.&nbsp;<\/p>\n\n\n\n<p>En el evento tambi\u00e9n participaron: Amahiro, Orquesta del SolSoul, Banda la Tribu; Brisa Flow, Kunumi Mc, Mmnxi Kiwe, y V\u00edctor Cifuentes.&nbsp;&nbsp;<\/p>\n","protected":false},"excerpt":{"rendered":"<p>Evlin Arag\u00f3n\/Zona Roja. Oaxaca de Ju\u00e1rez, Oax., 14 de junio de 2021.- Reconociendo su calidad&hellip;<\/p>\n","protected":false},"author":2,"featured_media":28525,"comment_status":"closed","ping_status":"open","sticky":false,"template":"","format":"standard","meta":{"_lmt_disableupdate":"","_lmt_disable":"","_jetpack_memberships_contains_paid_content":false,"footnotes":""},"categories":[109,46],"tags":[2741],"class_list":["post-28524","post","type-post","status-publish","format-standard","has-post-thumbnail","hentry","category-minuto-a-minuto","category-zona-blanca","tag-banda-mujeres-del-viento-florido"],"jetpack_featured_media_url":"https:\/\/zonaroja.com.mx\/wp-content\/uploads\/2021\/06\/Mujeres-del-viento-florido.png","jetpack_sharing_enabled":true,"_links":{"self":[{"href":"https:\/\/zonaroja.com.mx\/index.php?rest_route=\/wp\/v2\/posts\/28524","targetHints":{"allow":["GET"]}}],"collection":[{"href":"https:\/\/zonaroja.com.mx\/index.php?rest_route=\/wp\/v2\/posts"}],"about":[{"href":"https:\/\/zonaroja.com.mx\/index.php?rest_route=\/wp\/v2\/types\/post"}],"author":[{"embeddable":true,"href":"https:\/\/zonaroja.com.mx\/index.php?rest_route=\/wp\/v2\/users\/2"}],"replies":[{"embeddable":true,"href":"https:\/\/zonaroja.com.mx\/index.php?rest_route=%2Fwp%2Fv2%2Fcomments&post=28524"}],"version-history":[{"count":1,"href":"https:\/\/zonaroja.com.mx\/index.php?rest_route=\/wp\/v2\/posts\/28524\/revisions"}],"predecessor-version":[{"id":28527,"href":"https:\/\/zonaroja.com.mx\/index.php?rest_route=\/wp\/v2\/posts\/28524\/revisions\/28527"}],"wp:featuredmedia":[{"embeddable":true,"href":"https:\/\/zonaroja.com.mx\/index.php?rest_route=\/wp\/v2\/media\/28525"}],"wp:attachment":[{"href":"https:\/\/zonaroja.com.mx\/index.php?rest_route=%2Fwp%2Fv2%2Fmedia&parent=28524"}],"wp:term":[{"taxonomy":"category","embeddable":true,"href":"https:\/\/zonaroja.com.mx\/index.php?rest_route=%2Fwp%2Fv2%2Fcategories&post=28524"},{"taxonomy":"post_tag","embeddable":true,"href":"https:\/\/zonaroja.com.mx\/index.php?rest_route=%2Fwp%2Fv2%2Ftags&post=28524"}],"curies":[{"name":"wp","href":"https:\/\/api.w.org\/{rel}","templated":true}]}}