{"id":28532,"date":"2021-06-14T13:25:41","date_gmt":"2021-06-14T18:25:41","guid":{"rendered":"https:\/\/www.zonaroja.com.mx\/?p=28532"},"modified":"2021-06-14T13:32:38","modified_gmt":"2021-06-14T18:32:38","slug":"quince-anos-despues-la-seccion-22-aun-exige-carcel-para-ulises-ruiz","status":"publish","type":"post","link":"https:\/\/zonaroja.com.mx\/?p=28532","title":{"rendered":"Quince a\u00f1os despu\u00e9s, la Secci\u00f3n 22 a\u00fan exige c\u00e1rcel para Ulises Ruiz"},"content":{"rendered":"\n<p class=\"MsoNormal\">Evlin Arag\u00f3n\/Zona Roja.&nbsp;<\/p>\n\n\n\n<p class=\"MsoNormal\">Oaxaca de Ju\u00e1rez, Oax., 14 de junio de 2021.- Un a\u00f1o y tres meses despu\u00e9s de la llegada del Covid-19 a Oaxaca, integrantes de la Secci\u00f3n 22, adherida a la Coordinadora Nacional de Trabajadores de la Educaci\u00f3n (CNTE), salieron nuevamente a las calles para conmemorar 15 a\u00f1os del desalojo fallido del 14 de junio del 2006, ordenado por el entonces gobernador Ulises Ruiz Ortiz, a fin de terminar con la protesta que encabezaba en ese entonces el magisterio oaxaque\u00f1o.&nbsp;<\/p>\n\n\n\n<p class=\"MsoNormal\">Unos dos mil manifestantes se dieron cita en la fuente de las Ocho Regiones para dirigirse en marcha al z\u00f3calo capitalino en donde llevaron a cabo un mitin pol\u00edtico, a fin de exigir c\u00e1rcel a los ex funcionarios p\u00fablicos responsables de la represi\u00f3n viv\u00edda en el 2006, dentro de ellos Jos\u00e9 Manuel Vera Salinas y Jorge Franco Vargas, algunos hoy integrantes de la administraci\u00f3n de Alejandro Murat Hinojosa.&nbsp;<\/p>\n\n\n\n<p class=\"MsoNormal\">Aunque han sido sumamente renuentes al regreso a las aulas, ante un posible contagio por Covid-19, la concentraci\u00f3n de decenas de docentes y personal administrativo se concret\u00f3 est\u00e1 ma\u00f1ana, sin sana distancia y al parecer sin temor ya a la pandemia.&nbsp;&nbsp;<\/p>\n\n\n\n<p class=\"MsoNormal\">Desde temprana hora se escucharon cohetones en inmediaciones del Centro Hist\u00f3rico, tras la acci\u00f3n simb\u00f3lica que se llev\u00f3 a cabo a las afueras del edificio central de la Secci\u00f3n 22, ubicado en las calles de Armenta y L\u00f3pez, la cual fue cerrada de manera temporal.&nbsp;&nbsp;<\/p>\n\n\n\n<p class=\"MsoNormal\">\u201cHoy se cumplen 15 a\u00f1os del fallido desalojo. En el a\u00f1o 2006 cuando el asesino de Antequera intent\u00f3 desalojar a los maestros en nuestra lucha, en esa madrugada en donde apost\u00e1bamos con la resistencia y exigiendo nuestras demandas a trav\u00e9s del dialogo, el cual fue roto por las autoridades estatales\u201d, manifest\u00f3 Eloy L\u00f3pez Hern\u00e1ndez, dirigente de la gremial.&nbsp;&nbsp;<\/p>\n\n\n\n<p class=\"MsoNormal\">En un breve encuentro con los medios de comunicaci\u00f3n, record\u00f3 la represi\u00f3n y persecuci\u00f3n de la que fueron objeto, por parte de la \u201cCaravana de la Muerte\u201d, no s\u00f3lo integrantes del magisterio sino tambi\u00e9n simpatizantes del movimiento social, as\u00ed como las muertes, desapariciones y afectaciones en general a la sociedad.&nbsp;<\/p>\n\n\n\n<p class=\"MsoNormal\">De ah\u00ed la relevancia dijo, de salir a las calles para exigir justicia y castigo a lo responsables de los hechos que no han permitido que la sociedad oaxaque\u00f1a vuelva a ser la misma de antes.&nbsp;&nbsp;<\/p>\n\n\n\n<p class=\"MsoNormal\">En otro tema, L\u00f3pez Hern\u00e1ndez indic\u00f3 que ha iniciado la ruta para el relevo sindical toda vez que su dirigencia ha cumplido con los tiempos legales, sin embargo, debido a la pandemia se ha extendido unos meses.&nbsp;<\/p>\n\n\n\n<p class=\"MsoNormal\">Explic\u00f3 que ser\u00e1 la Asamblea Estatal, que se instalar\u00e1&nbsp;este lunes&nbsp;en la Escuela Secundaria T\u00e9cnica de la colonia del Maestro, la que definir\u00e1 la ruta a seguir para contar con una nueva dirigencia, en el marco de lo establecido por la normatividad que rige al magisterio oaxaque\u00f1o.&nbsp;<\/p>\n\n\n\n<p class=\"MsoNormal\">Mientras que, en torno al regreso a clases, detall\u00f3 que ser\u00e1 hasta que existan las condiciones pertinentes al interior de los centros escolares que se concretar\u00e1 la educaci\u00f3n presencial, a fin de no exponer a nadie a un tema de contagio de Covid-19 que a\u00fan no ha sido erradicado.  <\/p>\n","protected":false},"excerpt":{"rendered":"<p>Evlin Arag\u00f3n\/Zona Roja.&nbsp; Oaxaca de Ju\u00e1rez, Oax., 14 de junio de 2021.- Un a\u00f1o y&hellip;<\/p>\n","protected":false},"author":2,"featured_media":28531,"comment_status":"closed","ping_status":"open","sticky":false,"template":"","format":"standard","meta":{"_lmt_disableupdate":"","_lmt_disable":"","_jetpack_memberships_contains_paid_content":false,"footnotes":""},"categories":[109,47],"tags":[312],"class_list":["post-28532","post","type-post","status-publish","format-standard","has-post-thumbnail","hentry","category-minuto-a-minuto","category-zona-gris","tag-seccion-22-del-snte"],"jetpack_featured_media_url":"https:\/\/zonaroja.com.mx\/wp-content\/uploads\/2021\/06\/a18da87c-e994-4902-83e1-e63cddc2106f.jpg","jetpack_sharing_enabled":true,"_links":{"self":[{"href":"https:\/\/zonaroja.com.mx\/index.php?rest_route=\/wp\/v2\/posts\/28532","targetHints":{"allow":["GET"]}}],"collection":[{"href":"https:\/\/zonaroja.com.mx\/index.php?rest_route=\/wp\/v2\/posts"}],"about":[{"href":"https:\/\/zonaroja.com.mx\/index.php?rest_route=\/wp\/v2\/types\/post"}],"author":[{"embeddable":true,"href":"https:\/\/zonaroja.com.mx\/index.php?rest_route=\/wp\/v2\/users\/2"}],"replies":[{"embeddable":true,"href":"https:\/\/zonaroja.com.mx\/index.php?rest_route=%2Fwp%2Fv2%2Fcomments&post=28532"}],"version-history":[{"count":1,"href":"https:\/\/zonaroja.com.mx\/index.php?rest_route=\/wp\/v2\/posts\/28532\/revisions"}],"predecessor-version":[{"id":28533,"href":"https:\/\/zonaroja.com.mx\/index.php?rest_route=\/wp\/v2\/posts\/28532\/revisions\/28533"}],"wp:featuredmedia":[{"embeddable":true,"href":"https:\/\/zonaroja.com.mx\/index.php?rest_route=\/wp\/v2\/media\/28531"}],"wp:attachment":[{"href":"https:\/\/zonaroja.com.mx\/index.php?rest_route=%2Fwp%2Fv2%2Fmedia&parent=28532"}],"wp:term":[{"taxonomy":"category","embeddable":true,"href":"https:\/\/zonaroja.com.mx\/index.php?rest_route=%2Fwp%2Fv2%2Fcategories&post=28532"},{"taxonomy":"post_tag","embeddable":true,"href":"https:\/\/zonaroja.com.mx\/index.php?rest_route=%2Fwp%2Fv2%2Ftags&post=28532"}],"curies":[{"name":"wp","href":"https:\/\/api.w.org\/{rel}","templated":true}]}}