{"id":28534,"date":"2021-06-14T16:17:13","date_gmt":"2021-06-14T21:17:13","guid":{"rendered":"http:\/\/www.zonaroja.com.mx\/?p=28534"},"modified":"2021-06-14T16:17:16","modified_gmt":"2021-06-14T21:17:16","slug":"a-una-semana-de-regreso-a-aula-en-cdmx-yo-son-seis-alumnos-con-covid","status":"publish","type":"post","link":"https:\/\/zonaroja.com.mx\/?p=28534","title":{"rendered":"A una semana de regreso a aula en Cdmx, yo son seis alumnos con Covid"},"content":{"rendered":"\n<p>Redacci\u00f3n\/Zona Roja Cdmx.<\/p>\n\n\n\n<p>Ciudad de M\u00e9xico, 14 de junio de 2021.- A ocho d\u00edas del regreso paulatino a las escuelas para recibir clases presenciales, en la Ciudad de M\u00e9xico ya suman seis casos de alumnos con Covid-19.<\/p>\n\n\n\n<p>De acuerdo con autoridades educativas y sanitarias locales y federales, este lunes se registraron tres nuevos casos positivos, en esta ocasi\u00f3n en instituciones educativas privadas.<\/p>\n\n\n\n<p>Dos de ellos cursan el segundo y quinto grado de primaria del mismo plantel ubicado en la alcald\u00eda Coyoac\u00e1n; el tercero es en alumna de segundo grado de primaria, en la alcald\u00eda \u00c1lvaro Obreg\u00f3n.<\/p>\n\n\n\n<p>\u201cEn los dos primeros casos, los familiares notificaron a las autoridades del plantel que sus hijos presentaron sintomatolog\u00eda, por lo que decidieron realizarse la prueba, resultando ambos estudiantes positivos a SARS-Cov-2\u2033, se\u00f1al\u00f3 lo autoridad educativa en la Ciudad de M\u00e9xico en un comunicado.<\/p>\n\n\n\n<p>En el tercer caso, la madre de la alumna se comunic\u00f3 con las autoridades de la escuela para informarles que su hija ten\u00eda s\u00edntomas de resfriado, por lo que acudieron a realizarle la prueba de ant\u00edgeno resultando positivo.<\/p>\n\n\n\n<p>Estos nuevos casos se suman a los tres anteriores que se reportaron la semana pasada oportunamente en las alcald\u00edas Tl\u00e1huac, Gustavo A. Madero y Venustiano Carranza en escuelas p\u00fablicas.<\/p>\n\n\n\n<p>En total, se tiene registro de seis resultados positivos en escuelas de Educaci\u00f3n B\u00e1sica de la Ciudad de M\u00e9xico.<\/p>\n\n\n\n<p>Adem\u00e1s, los dos casos sospechosos que report\u00f3 una escuela particular en la alcald\u00eda Benito Ju\u00e1rez la semana pasada, resultaron negativos, indic\u00f3 la Autoridad Educativa Federal en la Ciudad de M\u00e9xico.<\/p>\n\n\n\n<p>(Con informaci\u00f3n de \u201cEl Financiero\u201d)<\/p>\n","protected":false},"excerpt":{"rendered":"<p>Redacci\u00f3n\/Zona Roja Cdmx. Ciudad de M\u00e9xico, 14 de junio de 2021.- A ocho d\u00edas del&hellip;<\/p>\n","protected":false},"author":2,"featured_media":28535,"comment_status":"closed","ping_status":"open","sticky":false,"template":"","format":"standard","meta":{"_lmt_disableupdate":"","_lmt_disable":"","_jetpack_memberships_contains_paid_content":false,"footnotes":""},"categories":[109,47],"tags":[1328],"class_list":["post-28534","post","type-post","status-publish","format-standard","has-post-thumbnail","hentry","category-minuto-a-minuto","category-zona-gris","tag-coronavirus-mexico"],"jetpack_featured_media_url":"https:\/\/zonaroja.com.mx\/wp-content\/uploads\/2021\/06\/Covid-en-escuelas-Cdmx.jpg","jetpack_sharing_enabled":true,"_links":{"self":[{"href":"https:\/\/zonaroja.com.mx\/index.php?rest_route=\/wp\/v2\/posts\/28534","targetHints":{"allow":["GET"]}}],"collection":[{"href":"https:\/\/zonaroja.com.mx\/index.php?rest_route=\/wp\/v2\/posts"}],"about":[{"href":"https:\/\/zonaroja.com.mx\/index.php?rest_route=\/wp\/v2\/types\/post"}],"author":[{"embeddable":true,"href":"https:\/\/zonaroja.com.mx\/index.php?rest_route=\/wp\/v2\/users\/2"}],"replies":[{"embeddable":true,"href":"https:\/\/zonaroja.com.mx\/index.php?rest_route=%2Fwp%2Fv2%2Fcomments&post=28534"}],"version-history":[{"count":1,"href":"https:\/\/zonaroja.com.mx\/index.php?rest_route=\/wp\/v2\/posts\/28534\/revisions"}],"predecessor-version":[{"id":28536,"href":"https:\/\/zonaroja.com.mx\/index.php?rest_route=\/wp\/v2\/posts\/28534\/revisions\/28536"}],"wp:featuredmedia":[{"embeddable":true,"href":"https:\/\/zonaroja.com.mx\/index.php?rest_route=\/wp\/v2\/media\/28535"}],"wp:attachment":[{"href":"https:\/\/zonaroja.com.mx\/index.php?rest_route=%2Fwp%2Fv2%2Fmedia&parent=28534"}],"wp:term":[{"taxonomy":"category","embeddable":true,"href":"https:\/\/zonaroja.com.mx\/index.php?rest_route=%2Fwp%2Fv2%2Fcategories&post=28534"},{"taxonomy":"post_tag","embeddable":true,"href":"https:\/\/zonaroja.com.mx\/index.php?rest_route=%2Fwp%2Fv2%2Ftags&post=28534"}],"curies":[{"name":"wp","href":"https:\/\/api.w.org\/{rel}","templated":true}]}}