{"id":28537,"date":"2021-06-14T17:51:43","date_gmt":"2021-06-14T22:51:43","guid":{"rendered":"http:\/\/www.zonaroja.com.mx\/?p=28537"},"modified":"2021-06-14T17:51:48","modified_gmt":"2021-06-14T22:51:48","slug":"lunes-de-marchas-bloqueos-y-protestas-mientras-la-segego-duerme","status":"publish","type":"post","link":"https:\/\/zonaroja.com.mx\/?p=28537","title":{"rendered":"Lunes de marchas, bloqueos y protestas\u2026 mientras la Segego duerme"},"content":{"rendered":"\n<p>Redacci\u00f3n\/Zona Roja.<\/p>\n\n\n\n<p>Oaxaca de Ju\u00e1rez, Oax., 14 de junio de 2021.- Al menos tres protestas se registran en la regi\u00f3n del Istmo de Tehuantepec y n\u00famero similar en Valles Centrales, sin que tengan atenci\u00f3n por parte de la Secretar\u00eda General de Gobierno.<\/p>\n\n\n\n<p>Desde temprana hora, un grupo de vecinos de San Juan Guichicovi bloquea las v\u00edas del Tren Trans\u00edstmico, para demandar que la compa\u00f1\u00eda Telcel rehabilite la rede de telefon\u00eda celular, pues no contar con este servicio ha afectado a la ni\u00f1ez que a\u00fan toma clases de manera virtual.<\/p>\n\n\n\n<p>Sin embargo, hasta el momento no hay ninguna mediaci\u00f3n por parte de la dependencia que encabeza el juchiteco Francisco Garc\u00eda L\u00f3pez.<\/p>\n\n\n\n<figure class=\"wp-block-embed-twitter wp-block-embed is-type-rich is-provider-twitter\"><div class=\"wp-block-embed__wrapper\">\n<div class=\"twitter-tweet\"><blockquote class=\"twitter-tweet\" data-lang=\"es\"><p lang=\"es\" dir=\"ltr\"><a href=\"https:\/\/twitter.com\/hashtag\/%C3%9AltimoMinuto?src=hash&amp;ref_src=twsrc%5Etfw\">#\u00daltimoMinuto<\/a> <br>(1) El nulo trabajo preventivo de la <a href=\"https:\/\/twitter.com\/SEGEGO_GobOax?ref_src=twsrc%5Etfw\">@SEGEGO_GobOax<\/a> deriv\u00f3 este lunes en una protesta en San Juan Guichicovi, regi\u00f3n del Istmo, ahora por falta de se\u00f1al de telefon\u00eda celular. <a href=\"https:\/\/t.co\/Gov1nGaV1X\">pic.twitter.com\/Gov1nGaV1X<\/a><\/p>&mdash; Zona Roja Oaxaca (@Zona_Roja_Oax) <a href=\"https:\/\/twitter.com\/Zona_Roja_Oax\/status\/1404516376857939970?ref_src=twsrc%5Etfw\">14 de junio de 2021<\/a><\/blockquote><\/div>\n<\/div><\/figure>\n\n\n\n<p>En tanto que en Salina Cruz, otro grupo de pobladores bloquea los trabajos de rompeolas; se trata de pescadores y salineros de Salinas del Marqu\u00e9s, que demandan indemnizaci\u00f3n por afectaciones.<\/p>\n\n\n\n<p>Carlos Gallegos, representante de una parte de los inconformes detall\u00f3 no han recibido informaci\u00f3n ni de autoridades federales ni estatales, pues la obra impact\u00f3 la zona donde recogen sal.<\/p>\n\n\n\n<p>Tambi\u00e9n en Salina Cruz pero en el \u00e1mbito pol\u00edtico, representantes de los partidos Encuentro Solidario, Acci\u00f3n Nacional y Revolucionario Institucional, anunciaron que exigir\u00e1n en tribunales la anulaci\u00f3n de los comicios en dicho puerto, los cuales fueron ganados por Morena.<\/p>\n\n\n\n<figure class=\"wp-block-embed-twitter wp-block-embed is-type-rich is-provider-twitter\"><div class=\"wp-block-embed__wrapper\">\n<div class=\"twitter-tweet\"><blockquote class=\"twitter-tweet\" data-lang=\"es\"><p lang=\"es\" dir=\"ltr\"><a href=\"https:\/\/twitter.com\/hashtag\/ENVIVO?src=hash&amp;ref_src=twsrc%5Etfw\">#ENVIVO<\/a> <br>Oaxaca de Ju\u00e1rez, Oax., 14 de junio de 2021.- Marcha de organizaciones sociales y la Secci\u00f3n 22 para conmemorar el 15 aniversario del intento de desalojo del magisterio.<br>Siga aqu\u00ed la transmisi\u00f3n:<br>\ud83d\udc47<a href=\"https:\/\/t.co\/dARFskroWm\">https:\/\/t.co\/dARFskroWm<\/a> <a href=\"https:\/\/t.co\/W87rXGQlDA\">pic.twitter.com\/W87rXGQlDA<\/a><\/p>&mdash; Zona Roja Oaxaca (@Zona_Roja_Oax) <a href=\"https:\/\/twitter.com\/Zona_Roja_Oax\/status\/1404466469119967236?ref_src=twsrc%5Etfw\">14 de junio de 2021<\/a><\/blockquote><\/div>\n<\/div><\/figure>\n\n\n\n<p>TAMBI\u00c9N EN VALLES<\/p>\n\n\n\n<p>En la capital, la jornada de movilizaciones la inici\u00f3 la Secci\u00f3n 22 del SNTE con una marcha de unos dos mil trabajadores, de la fuente de las Ocho Regiones al z\u00f3calo, en el marco del vig\u00e9simo quinto aniversario del intento de desalojo del magisterio.<\/p>\n\n\n\n<p>Le siguieron habitantes de Miahuatl\u00e1n de Porfirio D\u00edaz, edil electo Jos\u00e9 Alberto Mart\u00ednez Lucas y seguidores, del Partido Unidad Popular, que cerraron una de las sedes del Instituto Estatal Electoral y de Participaci\u00f3n Ciudadana de Oaxaca, en la ciudad, para demandar que no haya fraude, pues ya le otorgaron constancia de mayor\u00eda como ganador.<\/p>\n\n\n\n<p>Continuaron vecinos del barrio Ex Marquesado de la capital, que mantienen bloqueada la calle Ni\u00f1os H\u00e9roes, para demandar a Servicios de Agua Potable y Alcantarillado (SAPAO) que repare el drenaje, pues hay fuga de aguas negras; en este caso se presentaron funcionarios de la Segego, pero no fueron tomados en cuenta por los inconformes.<\/p>\n\n\n\n<p>La tarde cerr\u00f3 con otra movilizaci\u00f3n en el z\u00f3calo de la capital, ahora por parte del Frente Popular \u201c14 de Junio\u201d, que se mont\u00f3 sobre el aniversario n\u00famero 15 del fallido desalojo del a\u00f1o 2006.<\/p>\n\n\n\n<figure class=\"wp-block-embed-twitter wp-block-embed is-type-rich is-provider-twitter\"><div class=\"wp-block-embed__wrapper\">\n<div class=\"twitter-tweet\"><blockquote class=\"twitter-tweet\" data-lang=\"es\"><p lang=\"es\" dir=\"ltr\"><a href=\"https:\/\/twitter.com\/hashtag\/ENVIVO?src=hash&amp;ref_src=twsrc%5Etfw\">#ENVIVO<\/a> <br>Oaxaca de Ju\u00e1rez, Oax., 14 de junio de 2021.- Protesta del Cabildo electo de Miahuatl\u00e1n de Porfirio D\u00edaz, que denuncia que pretenden arrebatarle el triunfo al edil Jos\u00e9 Alberto Mart\u00ednez Luna. <br>Siga aqu\u00ed la transmisi\u00f3n:<br>\ud83d\udc47<a href=\"https:\/\/t.co\/PSaXWgHXVK\">https:\/\/t.co\/PSaXWgHXVK<\/a> <a href=\"https:\/\/t.co\/zH8gr9OwKW\">pic.twitter.com\/zH8gr9OwKW<\/a><\/p>&mdash; Zona Roja Oaxaca (@Zona_Roja_Oax) <a href=\"https:\/\/twitter.com\/Zona_Roja_Oax\/status\/1404480772845756417?ref_src=twsrc%5Etfw\">14 de junio de 2021<\/a><\/blockquote><\/div>\n<\/div><\/figure>\n","protected":false},"excerpt":{"rendered":"<p>Redacci\u00f3n\/Zona Roja. Oaxaca de Ju\u00e1rez, Oax., 14 de junio de 2021.- Al menos tres protestas&hellip;<\/p>\n","protected":false},"author":2,"featured_media":28538,"comment_status":"closed","ping_status":"open","sticky":false,"template":"","format":"standard","meta":{"_lmt_disableupdate":"","_lmt_disable":"","_jetpack_memberships_contains_paid_content":false,"footnotes":""},"categories":[109,47],"tags":[2121],"class_list":["post-28537","post","type-post","status-publish","format-standard","has-post-thumbnail","hentry","category-minuto-a-minuto","category-zona-gris","tag-secretaria-general-de-gobierno-segego"],"jetpack_featured_media_url":"https:\/\/zonaroja.com.mx\/wp-content\/uploads\/2021\/06\/Bloqueo-Ex-Marquesado-drenaje-ciudad-de-Oaxaca.jpg","jetpack_sharing_enabled":true,"_links":{"self":[{"href":"https:\/\/zonaroja.com.mx\/index.php?rest_route=\/wp\/v2\/posts\/28537","targetHints":{"allow":["GET"]}}],"collection":[{"href":"https:\/\/zonaroja.com.mx\/index.php?rest_route=\/wp\/v2\/posts"}],"about":[{"href":"https:\/\/zonaroja.com.mx\/index.php?rest_route=\/wp\/v2\/types\/post"}],"author":[{"embeddable":true,"href":"https:\/\/zonaroja.com.mx\/index.php?rest_route=\/wp\/v2\/users\/2"}],"replies":[{"embeddable":true,"href":"https:\/\/zonaroja.com.mx\/index.php?rest_route=%2Fwp%2Fv2%2Fcomments&post=28537"}],"version-history":[{"count":1,"href":"https:\/\/zonaroja.com.mx\/index.php?rest_route=\/wp\/v2\/posts\/28537\/revisions"}],"predecessor-version":[{"id":28539,"href":"https:\/\/zonaroja.com.mx\/index.php?rest_route=\/wp\/v2\/posts\/28537\/revisions\/28539"}],"wp:featuredmedia":[{"embeddable":true,"href":"https:\/\/zonaroja.com.mx\/index.php?rest_route=\/wp\/v2\/media\/28538"}],"wp:attachment":[{"href":"https:\/\/zonaroja.com.mx\/index.php?rest_route=%2Fwp%2Fv2%2Fmedia&parent=28537"}],"wp:term":[{"taxonomy":"category","embeddable":true,"href":"https:\/\/zonaroja.com.mx\/index.php?rest_route=%2Fwp%2Fv2%2Fcategories&post=28537"},{"taxonomy":"post_tag","embeddable":true,"href":"https:\/\/zonaroja.com.mx\/index.php?rest_route=%2Fwp%2Fv2%2Ftags&post=28537"}],"curies":[{"name":"wp","href":"https:\/\/api.w.org\/{rel}","templated":true}]}}