{"id":28551,"date":"2021-06-14T21:09:35","date_gmt":"2021-06-15T02:09:35","guid":{"rendered":"http:\/\/www.zonaroja.com.mx\/?p=28551"},"modified":"2021-06-14T21:09:39","modified_gmt":"2021-06-15T02:09:39","slug":"vincula-a-proceso-a-10-armados-que-irrumpieron-eleccion-en-xadani","status":"publish","type":"post","link":"https:\/\/zonaroja.com.mx\/?p=28551","title":{"rendered":"Vincula a proceso a 10 armados que irrumpieron elecci\u00f3n en Xadani"},"content":{"rendered":"\n<p>Redacci\u00f3n\/Zona Roja.<\/p>\n\n\n\n<p>Oaxaca de Ju\u00e1rez, Oax., 14 de junio de 2021.- Diez personas armadas detenidas el domingo 6 de junio por hechos violentos durante la jornada electoral en Santa Mar\u00eda Xadani, Oaxaca, fueron hoy vinculados a proceso.<\/p>\n\n\n\n<p>Se trata de dos personas por el delito de portaci\u00f3n de arma de fuego sin licencia; seis personas por el delito de portaci\u00f3n de arma de fuego de uso exclusivo de las Fuerzas Armadas y de dos m\u00e1s por el delito de posesi\u00f3n de cartuchos de uso exclusivo, inform\u00f3 la Fiscal\u00eda General de la Rep\u00fablica (FGR).<\/p>\n\n\n\n<p>A trav\u00e9s de un comunicado, detall\u00f3 que obtuvo del Juez de Control auto de vinculaci\u00f3n a proceso en contra de los individuos, detenidos por elementos de la Guardia Nacional, el pasado domingo sobre la avenida de los Deportes, a la altura del preescolar \u201cNi\u00f1os H\u00e9roes de Chapultepec\u201d, de Santa Mar\u00eda Xadani, en inmediaciones de una casilla electoral.<\/p>\n\n\n\n<p>\u201cEstas personas fueron se\u00f1aladas por pobladores del lugar, por participar en disturbios que ten\u00edan como fin interrumpir la jornada electoral, por lo que se les detuvo y se aseguraron cuatro veh\u00edculos, tres armas de fuego y nueve cartuchos\u201d, detall\u00f3 la instituci\u00f3n con sede en Oaxaca.<\/p>\n\n\n\n<p>Agreg\u00f3 que el Ministerio P\u00fablico Federal (MPF) aport\u00f3 los datos de prueba y obtuvo la vinculaci\u00f3n a proceso en contra de los detenidos, por los delitos en menci\u00f3n y se les impuso a siete de ellos la medida cautelar de prisi\u00f3n preventiva en el Centro Federal de Readaptaci\u00f3n Social n\u00famero 13, en Miahuatl\u00e1n.<\/p>\n\n\n\n<p>A los tres restantes, la medida cautelar de prohibici\u00f3n de salir del estado de Oaxaca sin autorizaci\u00f3n, vigilancia de seguridad procesal, y se fij\u00f3 un plazo de un mes para la investigaci\u00f3n complementaria.<\/p>\n","protected":false},"excerpt":{"rendered":"<p>Redacci\u00f3n\/Zona Roja. Oaxaca de Ju\u00e1rez, Oax., 14 de junio de 2021.- Diez personas armadas detenidas&hellip;<\/p>\n","protected":false},"author":2,"featured_media":28552,"comment_status":"closed","ping_status":"open","sticky":false,"template":"","format":"standard","meta":{"_lmt_disableupdate":"","_lmt_disable":"","_jetpack_memberships_contains_paid_content":false,"footnotes":""},"categories":[109,47],"tags":[1296],"class_list":["post-28551","post","type-post","status-publish","format-standard","has-post-thumbnail","hentry","category-minuto-a-minuto","category-zona-gris","tag-santa-maria-xadani"],"jetpack_featured_media_url":"https:\/\/zonaroja.com.mx\/wp-content\/uploads\/2021\/06\/Grupo-armado-elecciones-Xadani.jpg","jetpack_sharing_enabled":true,"_links":{"self":[{"href":"https:\/\/zonaroja.com.mx\/index.php?rest_route=\/wp\/v2\/posts\/28551","targetHints":{"allow":["GET"]}}],"collection":[{"href":"https:\/\/zonaroja.com.mx\/index.php?rest_route=\/wp\/v2\/posts"}],"about":[{"href":"https:\/\/zonaroja.com.mx\/index.php?rest_route=\/wp\/v2\/types\/post"}],"author":[{"embeddable":true,"href":"https:\/\/zonaroja.com.mx\/index.php?rest_route=\/wp\/v2\/users\/2"}],"replies":[{"embeddable":true,"href":"https:\/\/zonaroja.com.mx\/index.php?rest_route=%2Fwp%2Fv2%2Fcomments&post=28551"}],"version-history":[{"count":1,"href":"https:\/\/zonaroja.com.mx\/index.php?rest_route=\/wp\/v2\/posts\/28551\/revisions"}],"predecessor-version":[{"id":28553,"href":"https:\/\/zonaroja.com.mx\/index.php?rest_route=\/wp\/v2\/posts\/28551\/revisions\/28553"}],"wp:featuredmedia":[{"embeddable":true,"href":"https:\/\/zonaroja.com.mx\/index.php?rest_route=\/wp\/v2\/media\/28552"}],"wp:attachment":[{"href":"https:\/\/zonaroja.com.mx\/index.php?rest_route=%2Fwp%2Fv2%2Fmedia&parent=28551"}],"wp:term":[{"taxonomy":"category","embeddable":true,"href":"https:\/\/zonaroja.com.mx\/index.php?rest_route=%2Fwp%2Fv2%2Fcategories&post=28551"},{"taxonomy":"post_tag","embeddable":true,"href":"https:\/\/zonaroja.com.mx\/index.php?rest_route=%2Fwp%2Fv2%2Ftags&post=28551"}],"curies":[{"name":"wp","href":"https:\/\/api.w.org\/{rel}","templated":true}]}}