{"id":28554,"date":"2021-06-15T09:00:06","date_gmt":"2021-06-15T14:00:06","guid":{"rendered":"http:\/\/www.zonaroja.com.mx\/?p=28554"},"modified":"2021-06-14T21:33:50","modified_gmt":"2021-06-15T02:33:50","slug":"urgen-acciones-contundentes-para-erradicar-feminicidios-en-oaxaca-diputada","status":"publish","type":"post","link":"https:\/\/zonaroja.com.mx\/?p=28554","title":{"rendered":"Urgen acciones contundentes para erradicar feminicidios en Oaxaca: diputada"},"content":{"rendered":"\n<p>Evlin Arag\u00f3n\/Zona Roja.<\/p>\n\n\n\n<p>Oaxaca de Ju\u00e1rez, Oax., 15 de junio de 2021.- La diputada local Magaly L\u00f3pez Dom\u00ednguez, urgi\u00f3 a las autoridades estatales a implementar acciones contundentes que deriven en la erradicaci\u00f3n de los feminicidios que, lamentablemente, van al alza.\u00a0<\/p>\n\n\n\n<p>\u201cEs urgente que el gobierno de Alejandro Murat ponga en marcha acciones claras para detener la matanza impune de mujeres y ni\u00f1as en nuestro estado y que establezca de inmediato una pol\u00edtica transversal e integral para la prevenci\u00f3n y atenci\u00f3n de la violencia de g\u00e9nero\u201d, dijo en entrevista.&nbsp;<\/p>\n\n\n\n<p>Y es que de acuerdo con la legisladora, los feminicidios que se han registrado recientemente en el Istmo de Tehuantepec y en todo el territorio, responden a una ausencia de pol\u00edticas p\u00fablicas dirigidas a prevenir y erradicar la violencia de g\u00e9nero, quedando s\u00f3lo en discurso la intenci\u00f3n de atender la grave problem\u00e1tica que enfrentan las mujeres en Oaxaca.&nbsp;<\/p>\n\n\n\n<p>\u201cLamentablemente vemos como los feminicidios van al alza, considero que es por la falta de pol\u00edticas integrales que prevengan y atiendan la violencia contra las mujeres, que el Gobierno del Estado debido dise\u00f1ar y ejecutar, lo cual no sucede\u201d, dijo en entrevista.&nbsp;<\/p>\n\n\n\n<p>En este sentido, detall\u00f3 que pareciera que al gobierno de Oaxaca no le interesa cumplir con su responsabilidad, toda vez que la Secretar\u00eda de las Mujeres, encabezada por Ana V\u00e1squez Colmenares, no ha respondido a las recomendaciones derivadas de la Alerta de Violencia de G\u00e9nero, por el contrario, se empe\u00f1a en encabezar acciones medi\u00e1ticas que no se traducen en una reducci\u00f3n de la violencia.<\/p>\n\n\n\n<p>\u201cLa Secretar\u00eda de las Mujeres insiste en una estrategia medi\u00e1tica, impulsar instancias municipales sin recursos y sin capacidad de acci\u00f3n. Es necesario que la dependencia nos responda que pol\u00edticas p\u00fablicas han impulsado para detener la violencia\u201d, indic\u00f3.&nbsp;&nbsp;&nbsp;<\/p>\n\n\n\n<p>L\u00f3pez Dom\u00ednguez sostuvo que no es un tema que le competa exclusivamente a la Secretar\u00eda de las Mujeres, por lo que las deficiencias tambi\u00e9n son en seguridad p\u00fablica y procuraci\u00f3n de justicia, \u00e1reas en la que tampoco existe una respuesta contundente por parte del Estado.&nbsp;<\/p>\n\n\n\n<p>Explic\u00f3 que, la poca disponibilidad de los funcionarios del gobierno de Oaxaca ha cobrado la vida de cientos de mujeres, convirti\u00e9ndolos en c\u00f3mplices de los cr\u00edmenes; a la par que advirti\u00f3 que, si siguen actuando de manera err\u00e1tica y con esa falta de sensibilidad que les caracteriza, los feminicidios no pararan.&nbsp;<\/p>\n\n\n\n<p>Finalmente, record\u00f3 que, al interior del Congreso local, se han tenido avances importantes como el obligar a las autoridades a investigar como feminicidio cualquier muerte violenta de mujeres, adem\u00e1s de incrementar las penas para quienes cometan violencia al interior del hogar.&nbsp;<\/p>\n\n\n\n<p>Sin embargo, nada de eso ser\u00e1 suficiente si no existe compromiso por parte del Ejecutivo estatal para erradicar la violencia en contra de las mujeres.&nbsp;<\/p>\n\n\n\n<p>\u201cLamentablemente tenemos un gobierno que no escucha, que no pone atenci\u00f3n en temas tan delicados. Por eso tenemos que seguir luchando para que las autoridades asuman su responsabilidad\u201d, sentenci\u00f3.&nbsp;<\/p>\n","protected":false},"excerpt":{"rendered":"<p>Evlin Arag\u00f3n\/Zona Roja. Oaxaca de Ju\u00e1rez, Oax., 15 de junio de 2021.- La diputada local&hellip;<\/p>\n","protected":false},"author":2,"featured_media":16853,"comment_status":"closed","ping_status":"open","sticky":false,"template":"","format":"standard","meta":{"_lmt_disableupdate":"","_lmt_disable":"","_jetpack_memberships_contains_paid_content":false,"footnotes":""},"categories":[109,46],"tags":[192],"class_list":["post-28554","post","type-post","status-publish","format-standard","has-post-thumbnail","hentry","category-minuto-a-minuto","category-zona-blanca","tag-diputada-magaly-lopez-dominguez"],"jetpack_featured_media_url":"https:\/\/zonaroja.com.mx\/wp-content\/uploads\/2020\/08\/Magaly-Lopez.png","jetpack_sharing_enabled":true,"_links":{"self":[{"href":"https:\/\/zonaroja.com.mx\/index.php?rest_route=\/wp\/v2\/posts\/28554","targetHints":{"allow":["GET"]}}],"collection":[{"href":"https:\/\/zonaroja.com.mx\/index.php?rest_route=\/wp\/v2\/posts"}],"about":[{"href":"https:\/\/zonaroja.com.mx\/index.php?rest_route=\/wp\/v2\/types\/post"}],"author":[{"embeddable":true,"href":"https:\/\/zonaroja.com.mx\/index.php?rest_route=\/wp\/v2\/users\/2"}],"replies":[{"embeddable":true,"href":"https:\/\/zonaroja.com.mx\/index.php?rest_route=%2Fwp%2Fv2%2Fcomments&post=28554"}],"version-history":[{"count":1,"href":"https:\/\/zonaroja.com.mx\/index.php?rest_route=\/wp\/v2\/posts\/28554\/revisions"}],"predecessor-version":[{"id":28555,"href":"https:\/\/zonaroja.com.mx\/index.php?rest_route=\/wp\/v2\/posts\/28554\/revisions\/28555"}],"wp:featuredmedia":[{"embeddable":true,"href":"https:\/\/zonaroja.com.mx\/index.php?rest_route=\/wp\/v2\/media\/16853"}],"wp:attachment":[{"href":"https:\/\/zonaroja.com.mx\/index.php?rest_route=%2Fwp%2Fv2%2Fmedia&parent=28554"}],"wp:term":[{"taxonomy":"category","embeddable":true,"href":"https:\/\/zonaroja.com.mx\/index.php?rest_route=%2Fwp%2Fv2%2Fcategories&post=28554"},{"taxonomy":"post_tag","embeddable":true,"href":"https:\/\/zonaroja.com.mx\/index.php?rest_route=%2Fwp%2Fv2%2Ftags&post=28554"}],"curies":[{"name":"wp","href":"https:\/\/api.w.org\/{rel}","templated":true}]}}