{"id":28556,"date":"2021-06-15T09:34:06","date_gmt":"2021-06-15T14:34:06","guid":{"rendered":"http:\/\/www.zonaroja.com.mx\/?p=28556"},"modified":"2021-06-14T21:50:21","modified_gmt":"2021-06-15T02:50:21","slug":"unen-esfuerzos-poder-judicial-y-uabjo-para-consolidar-cultura-juridica","status":"publish","type":"post","link":"https:\/\/zonaroja.com.mx\/?p=28556","title":{"rendered":"Unen esfuerzos Poder Judicial y UABJO para consolidar cultura jur\u00eddica"},"content":{"rendered":"\n<p>Redacci\u00f3n\/Zona Roja.<\/p>\n\n\n\n<p>Oaxaca de Ju\u00e1rez, Oax., 15 de junio de 2021.- El Poder Judicial del Estado y la Universidad Aut\u00f3noma \u201cBenito Ju\u00e1rez\u201d de Oaxaca (UABJO), firmaron un convenio marco de colaboraci\u00f3n, con el objetivo de continuar y fortalecer el trabajo de educaci\u00f3n a distancia.<\/p>\n\n\n\n<p>Asimismo, la realizaci\u00f3n de actividades conjuntas en el \u00e1rea de academia, investigaci\u00f3n y vinculaci\u00f3n y el desarrollo de programas de servicio social, ejecuci\u00f3n de proyectos conjuntos de capacitaci\u00f3n, asesoramiento e investigaci\u00f3n,<\/p>\n\n\n\n<p>El acuerdo institucional permitir\u00e1 tambi\u00e9n impartir ciclos de conferencias, coloquios, seminarios, foros y actividades similares, la publicaci\u00f3n de art\u00edculos, memorias as\u00ed como de coediciones de inter\u00e9s com\u00fan y un programa de descuentos y becas para las y los servidores judiciales que cursen un diplomado, maestr\u00eda o doctorado en la m\u00e1xima casa de estudios.<\/p>\n\n\n\n<p>Al realizar la firma del convenio, que se llev\u00f3 a cabo como parte de la ceremonia de inauguraci\u00f3n de una Sala de Juicio Oral en el Centro de Educaci\u00f3n Continua, Abierta y a Distancia (CECAD), el titular del Poder Judicial del Estado, magistrado Eduardo Pinacho S\u00e1nchez, indic\u00f3 que la UABJO es una instituci\u00f3n transformadora de nuestra sociedad que sigue formando a grandes hombres y mujeres que han aportado mucho a la historia del estado y, por supuesto, del pa\u00eds.<\/p>\n\n\n\n<p>\u201cPor eso, para quienes integramos el Poder Judicial del Estado pero sobre todo, que egresamos de esta Universidad, es un gran orgullo y una gran satisfacci\u00f3n poder llevar a cabo un acto de esta naturaleza, que dan la posibilidad de retribuir en una m\u00ednima parte lo que recibimos de nuestra querida universidad\u201d, indic\u00f3 ante el rector doctor Eduardo Bautista Mart\u00ednez.<\/p>\n\n\n\n<p>La Sala de Juicio Oral inaugurada en las instalaciones del CECAD, que apoyar\u00e1 las t\u00e9cnicas de litigaci\u00f3n oral a trav\u00e9s de la pr\u00e1ctica y escenificaci\u00f3n del sistema jur\u00eddico para quienes cursan la maestr\u00eda del Sistema Penal Acusatorio Adversarial y cursos especializados en la materia, fue equipada con mobiliario y dispositivos modernos de videograbaci\u00f3n de audiencias donados por el Poder Judicial del Estado.<\/p>\n\n\n\n<p>En su oportunidad, el rector de la UABJO reconoci\u00f3 la importancia de la colaboraci\u00f3n interinstitucional y agradeci\u00f3 al Poder Judicial por la aportaci\u00f3n para el equipamiento de la sala de oralidad, que traer\u00e1 beneficios a los maestrantes de la universidad, en la pr\u00e1ctica del sistema acusatorio adversarial.<\/p>\n\n\n\n<p>\u201cOaxaca debe observarse por las contribuciones progresivas que profesionales del Derecho van a realizar, una vez que egresen de esta casa de estudios; con esta colaboraci\u00f3n, podremos generar la visi\u00f3n de un gran equipo interdisciplinario y es as\u00ed como se propone responder a la confianza del Poder Judicial hacia nuestra instituci\u00f3n\u201d, expres\u00f3.<\/p>\n\n\n\n<p>Estuvieron presentes el director de la Escuela Judicial del Consejo de la Judicatura, H\u00e9ctor Humberto V\u00e1squez Quevedo; el director de Administraci\u00f3n del Consejo de la Judicatura Guillermo Trejo Carvajal, as\u00ed como el director del CECAD, Edwin Le\u00f3n Jim\u00e9nez.<\/p>\n","protected":false},"excerpt":{"rendered":"<p>Redacci\u00f3n\/Zona Roja. Oaxaca de Ju\u00e1rez, Oax., 15 de junio de 2021.- El Poder Judicial del&hellip;<\/p>\n","protected":false},"author":2,"featured_media":28557,"comment_status":"closed","ping_status":"open","sticky":false,"template":"","format":"standard","meta":{"_lmt_disableupdate":"","_lmt_disable":"","_jetpack_memberships_contains_paid_content":false,"footnotes":""},"categories":[109,46],"tags":[223],"class_list":["post-28556","post","type-post","status-publish","format-standard","has-post-thumbnail","hentry","category-minuto-a-minuto","category-zona-blanca","tag-poder-judicial-de-oaxaca"],"jetpack_featured_media_url":"https:\/\/zonaroja.com.mx\/wp-content\/uploads\/2021\/06\/Firma-de-Convenio-de-Colaboracion-entre-el-Poder-Judicial-y-la-UABJO.jpg","jetpack_sharing_enabled":true,"_links":{"self":[{"href":"https:\/\/zonaroja.com.mx\/index.php?rest_route=\/wp\/v2\/posts\/28556","targetHints":{"allow":["GET"]}}],"collection":[{"href":"https:\/\/zonaroja.com.mx\/index.php?rest_route=\/wp\/v2\/posts"}],"about":[{"href":"https:\/\/zonaroja.com.mx\/index.php?rest_route=\/wp\/v2\/types\/post"}],"author":[{"embeddable":true,"href":"https:\/\/zonaroja.com.mx\/index.php?rest_route=\/wp\/v2\/users\/2"}],"replies":[{"embeddable":true,"href":"https:\/\/zonaroja.com.mx\/index.php?rest_route=%2Fwp%2Fv2%2Fcomments&post=28556"}],"version-history":[{"count":1,"href":"https:\/\/zonaroja.com.mx\/index.php?rest_route=\/wp\/v2\/posts\/28556\/revisions"}],"predecessor-version":[{"id":28558,"href":"https:\/\/zonaroja.com.mx\/index.php?rest_route=\/wp\/v2\/posts\/28556\/revisions\/28558"}],"wp:featuredmedia":[{"embeddable":true,"href":"https:\/\/zonaroja.com.mx\/index.php?rest_route=\/wp\/v2\/media\/28557"}],"wp:attachment":[{"href":"https:\/\/zonaroja.com.mx\/index.php?rest_route=%2Fwp%2Fv2%2Fmedia&parent=28556"}],"wp:term":[{"taxonomy":"category","embeddable":true,"href":"https:\/\/zonaroja.com.mx\/index.php?rest_route=%2Fwp%2Fv2%2Fcategories&post=28556"},{"taxonomy":"post_tag","embeddable":true,"href":"https:\/\/zonaroja.com.mx\/index.php?rest_route=%2Fwp%2Fv2%2Ftags&post=28556"}],"curies":[{"name":"wp","href":"https:\/\/api.w.org\/{rel}","templated":true}]}}