{"id":28562,"date":"2021-06-14T22:24:45","date_gmt":"2021-06-15T03:24:45","guid":{"rendered":"http:\/\/www.zonaroja.com.mx\/?p=28562"},"modified":"2021-06-14T22:24:48","modified_gmt":"2021-06-15T03:24:48","slug":"registro-oaxaca-en-fin-de-semana-48-casos-positivos-y-4-decesos-por-covid","status":"publish","type":"post","link":"https:\/\/zonaroja.com.mx\/?p=28562","title":{"rendered":"Registr\u00f3 Oaxaca en fin de semana, 48 casos positivos y 4 decesos por Covid"},"content":{"rendered":"\n<p>Redacci\u00f3n\/Zona Roja.<\/p>\n\n\n\n<p>Oaxaca de Ju\u00e1rez, Oax., 14 de junio de 2021.- Los Servicios de Salud de Oaxaca (SSO), tienen registrados durante el fin de semana, que comprende los d\u00edas 12, 13 y 14 de junio, 48 casos positivos a Covid-19 y cuatro defunciones, que suman 47 mil 689 casos acumulados y tres mil 808 defunciones.<\/p>\n\n\n\n<p>Durante el corte de este lunes 14 de junio, la instituci\u00f3n inform\u00f3 que se han notificado 80 mil 825 casos, de los cuales 28 mil 317 han sido negativos, cuatro mil 819 son sospechosos, 43 mil 695 se han recuperado y hay un acumulado de tres mil 808 defunciones; hay 186 casos activos.<\/p>\n\n\n\n<p>En relaci\u00f3n al panorama Jurisdiccional, en Valles Centrales se tienen contabilizados 32 mil 265 casos confirmados y mil 907 defunciones, Istmo cuatro mil 230 casos confirmados y 683 fallecimientos, Tuxtepec dos mil 949 casos confirmados y 353 muertes, Costa dos mil 487 casos confirmados y 277 defunciones, Mixteca cuatro mil 30 casos confirmados y 367 fallecimientos, Sierra mil 728 casos confirmados y 221 muertes.<\/p>\n\n\n\n<figure class=\"wp-block-embed-twitter wp-block-embed is-type-rich is-provider-twitter\"><div class=\"wp-block-embed__wrapper\">\n<div class=\"twitter-tweet\"><blockquote class=\"twitter-tweet\" data-lang=\"es\"><p lang=\"es\" dir=\"ltr\"><a href=\"https:\/\/twitter.com\/hashtag\/%C3%9AltimoMinuto?src=hash&amp;ref_src=twsrc%5Etfw\">#\u00daltimoMinuto<\/a> <br>Este lunes, los Servicios de Salud reportaron en <a href=\"https:\/\/twitter.com\/hashtag\/Oaxaca?src=hash&amp;ref_src=twsrc%5Etfw\">#Oaxaca<\/a> siete casos positivos a Covid, con lo que se acumulan 47 mil 689 casos confirmados. <br>Tambi\u00e9n informaron que no hubo fallecimientos, por lo que la cifra se mantiene en tres mil 808 defunciones. <a href=\"https:\/\/twitter.com\/hashtag\/Qu%C3%A9dateEnCasa?src=hash&amp;ref_src=twsrc%5Etfw\">#Qu\u00e9dateEnCasa<\/a> <a href=\"https:\/\/t.co\/mzCA7ur7HM\">pic.twitter.com\/mzCA7ur7HM<\/a><\/p>&mdash; Zona Roja Oaxaca (@Zona_Roja_Oax) <a href=\"https:\/\/twitter.com\/Zona_Roja_Oax\/status\/1404612159494107138?ref_src=twsrc%5Etfw\">15 de junio de 2021<\/a><\/blockquote><\/div>\n<\/div><\/figure>\n\n\n\n<p>Se\u00f1al\u00f3 que los 48 casos nuevos, registrados durante el fin de semana, afectan a 19 municipios, siendo el de Oaxaca de Ju\u00e1rez el que registra 14 casos positivos, seguido de Salina Cruz con nueve, San Juan Bautista Tuxtepec con cinco, y Villa de Zaachila cuatro casos, el resto dos y un caso.<\/p>\n\n\n\n<p>Dijo que en relaci\u00f3n a la ocupaci\u00f3n hospitalaria global el d\u00eda de hoy es del 17.7%, hay 12 nuevos hospitalizados, y se encuentran tres hospitales con el 100% de ocupaci\u00f3n.<\/p>\n\n\n\n<p>La Jurisdicci\u00f3n Sanitaria uno Valles Centrales, registra un 18.2% de camas ocupadas, Istmo 19%, Tuxtepec 14.3%, Costa 29.4%, Mixteca 9.1% y la Sierra cero.<\/p>\n\n\n\n<p>Finalmente, exhort\u00f3 a la poblaci\u00f3n a continuar con las recomendaciones como el uso del cubrebocas, sana distancia y lavado de manos.<\/p>\n","protected":false},"excerpt":{"rendered":"<p>Redacci\u00f3n\/Zona Roja. Oaxaca de Ju\u00e1rez, Oax., 14 de junio de 2021.- Los Servicios de Salud&hellip;<\/p>\n","protected":false},"author":2,"featured_media":28563,"comment_status":"closed","ping_status":"open","sticky":false,"template":"","format":"standard","meta":{"_lmt_disableupdate":"","_lmt_disable":"","_jetpack_memberships_contains_paid_content":false,"footnotes":""},"categories":[109,47],"tags":[1512],"class_list":["post-28562","post","type-post","status-publish","format-standard","has-post-thumbnail","hentry","category-minuto-a-minuto","category-zona-gris","tag-coronavirus-oaxaca"],"jetpack_featured_media_url":"https:\/\/zonaroja.com.mx\/wp-content\/uploads\/2021\/06\/GRAFICA-SSO-01.jpg","jetpack_sharing_enabled":true,"_links":{"self":[{"href":"https:\/\/zonaroja.com.mx\/index.php?rest_route=\/wp\/v2\/posts\/28562","targetHints":{"allow":["GET"]}}],"collection":[{"href":"https:\/\/zonaroja.com.mx\/index.php?rest_route=\/wp\/v2\/posts"}],"about":[{"href":"https:\/\/zonaroja.com.mx\/index.php?rest_route=\/wp\/v2\/types\/post"}],"author":[{"embeddable":true,"href":"https:\/\/zonaroja.com.mx\/index.php?rest_route=\/wp\/v2\/users\/2"}],"replies":[{"embeddable":true,"href":"https:\/\/zonaroja.com.mx\/index.php?rest_route=%2Fwp%2Fv2%2Fcomments&post=28562"}],"version-history":[{"count":1,"href":"https:\/\/zonaroja.com.mx\/index.php?rest_route=\/wp\/v2\/posts\/28562\/revisions"}],"predecessor-version":[{"id":28564,"href":"https:\/\/zonaroja.com.mx\/index.php?rest_route=\/wp\/v2\/posts\/28562\/revisions\/28564"}],"wp:featuredmedia":[{"embeddable":true,"href":"https:\/\/zonaroja.com.mx\/index.php?rest_route=\/wp\/v2\/media\/28563"}],"wp:attachment":[{"href":"https:\/\/zonaroja.com.mx\/index.php?rest_route=%2Fwp%2Fv2%2Fmedia&parent=28562"}],"wp:term":[{"taxonomy":"category","embeddable":true,"href":"https:\/\/zonaroja.com.mx\/index.php?rest_route=%2Fwp%2Fv2%2Fcategories&post=28562"},{"taxonomy":"post_tag","embeddable":true,"href":"https:\/\/zonaroja.com.mx\/index.php?rest_route=%2Fwp%2Fv2%2Ftags&post=28562"}],"curies":[{"name":"wp","href":"https:\/\/api.w.org\/{rel}","templated":true}]}}