{"id":28573,"date":"2021-06-15T12:46:35","date_gmt":"2021-06-15T17:46:35","guid":{"rendered":"http:\/\/www.zonaroja.com.mx\/?p=28573"},"modified":"2021-06-15T12:46:40","modified_gmt":"2021-06-15T17:46:40","slug":"vacunan-a-reclusos-de-oaxaca-registra-pandemia-29-casos-y-seis-decesos","status":"publish","type":"post","link":"https:\/\/zonaroja.com.mx\/?p=28573","title":{"rendered":"Vacunan a reclusos de Oaxaca; registra pandemia 29 casos y seis decesos"},"content":{"rendered":"\n<p>Ismael Garc\u00eda M.\/Zona Roja.<\/p>\n\n\n\n<p>Oaxaca de Ju\u00e1rez, Oax., 15 de junio de 2021.- La pandemia por Covid-19 dej\u00f3 como saldo 29 personas contagiadas, 23 de las cuales se recuperaron y seis perdieron la vida, inform\u00f3 la Secretar\u00eda de Seguridad P\u00fablica de Oaxaca (SSPO).<\/p>\n\n\n\n<p>El titular de la dependencia, Heliodoro D\u00edaz Esc\u00e1rraga, detall\u00f3 que desde el primer momento, se ha brindado la atenci\u00f3n necesaria a las personas privadas de su libertad en los 10 Centros de Reinserci\u00f3n Social (Cereso) del estado y al momento los penales se mantienen libres de contagio.<\/p>\n\n\n\n<p>Indic\u00f3 que con el apoyo de los Servicios de Salud y de las autoridades federales, los 207 adultos mayores han quedado inmunizados, al aplicarles la vacuna contra el Covid.<\/p>\n\n\n\n<p>En tanto, ya se solicitaron los inmunol\u00f3gicos para el grupo de edad de 50 a 59 a\u00f1os, mismo que se aplicar\u00e1 en cuanto sea posible, al igual que al resto de los internos.<\/p>\n\n\n\n<p>Apunt\u00f3 que actualmente se cuenta con una poblaci\u00f3n penitenciaria de cuatro mil 170 reclusos, a quienes se brindan todas las medidas sanitarias recomendadas, a efecto de evitar casos d Covid.<\/p>\n","protected":false},"excerpt":{"rendered":"<p>Ismael Garc\u00eda M.\/Zona Roja. Oaxaca de Ju\u00e1rez, Oax., 15 de junio de 2021.- La pandemia&hellip;<\/p>\n","protected":false},"author":2,"featured_media":14640,"comment_status":"closed","ping_status":"open","sticky":false,"template":"","format":"standard","meta":{"_lmt_disableupdate":"","_lmt_disable":"","_jetpack_memberships_contains_paid_content":false,"footnotes":""},"categories":[109,46],"tags":[175],"class_list":["post-28573","post","type-post","status-publish","format-standard","has-post-thumbnail","hentry","category-minuto-a-minuto","category-zona-blanca","tag-secretaria-de-seguridad-publica-de-oaxaca"],"jetpack_featured_media_url":"https:\/\/zonaroja.com.mx\/wp-content\/uploads\/2020\/07\/Coronavirus-reclusorios.jpeg","jetpack_sharing_enabled":true,"_links":{"self":[{"href":"https:\/\/zonaroja.com.mx\/index.php?rest_route=\/wp\/v2\/posts\/28573","targetHints":{"allow":["GET"]}}],"collection":[{"href":"https:\/\/zonaroja.com.mx\/index.php?rest_route=\/wp\/v2\/posts"}],"about":[{"href":"https:\/\/zonaroja.com.mx\/index.php?rest_route=\/wp\/v2\/types\/post"}],"author":[{"embeddable":true,"href":"https:\/\/zonaroja.com.mx\/index.php?rest_route=\/wp\/v2\/users\/2"}],"replies":[{"embeddable":true,"href":"https:\/\/zonaroja.com.mx\/index.php?rest_route=%2Fwp%2Fv2%2Fcomments&post=28573"}],"version-history":[{"count":1,"href":"https:\/\/zonaroja.com.mx\/index.php?rest_route=\/wp\/v2\/posts\/28573\/revisions"}],"predecessor-version":[{"id":28575,"href":"https:\/\/zonaroja.com.mx\/index.php?rest_route=\/wp\/v2\/posts\/28573\/revisions\/28575"}],"wp:featuredmedia":[{"embeddable":true,"href":"https:\/\/zonaroja.com.mx\/index.php?rest_route=\/wp\/v2\/media\/14640"}],"wp:attachment":[{"href":"https:\/\/zonaroja.com.mx\/index.php?rest_route=%2Fwp%2Fv2%2Fmedia&parent=28573"}],"wp:term":[{"taxonomy":"category","embeddable":true,"href":"https:\/\/zonaroja.com.mx\/index.php?rest_route=%2Fwp%2Fv2%2Fcategories&post=28573"},{"taxonomy":"post_tag","embeddable":true,"href":"https:\/\/zonaroja.com.mx\/index.php?rest_route=%2Fwp%2Fv2%2Ftags&post=28573"}],"curies":[{"name":"wp","href":"https:\/\/api.w.org\/{rel}","templated":true}]}}