{"id":28576,"date":"2021-06-15T13:31:55","date_gmt":"2021-06-15T18:31:55","guid":{"rendered":"http:\/\/www.zonaroja.com.mx\/?p=28576"},"modified":"2021-06-15T13:31:59","modified_gmt":"2021-06-15T18:31:59","slug":"desatencion-oficial-general-hoy-tres-protestas-en-oaxaca","status":"publish","type":"post","link":"https:\/\/zonaroja.com.mx\/?p=28576","title":{"rendered":"Desatenci\u00f3n oficial general hoy tres protestas en Oaxaca"},"content":{"rendered":"\n<p>Redacci\u00f3n\/Zona Roja.<\/p>\n\n\n\n<p>Oaxaca de Ju\u00e1rez, Oax., 15 de junio de 2021.- Al menos tres bloqueos viales y carreteros se registran en Oaxaca este martes, por desatenci\u00f3n de instancias gubernamentales, entre ellas la Secretar\u00eda General de Gobierno.<\/p>\n\n\n\n<p>En Ciudad Judicial, oficinas ubicadas en el municipio de San Bartolo Coyotepec, se mantienen pobladores de San Esteban Atatlahuca, quienes denuncian agresiones por parte de sus vecinos de las agencias de Guerrero Grande y Mier y Ter\u00e1n.<\/p>\n\n\n\n<p>Seg\u00fan dieron a conocer a trav\u00e9s de un comunicado, desde el a\u00f1o 2019 han sucedido diversos agravios, como son el asesinato de una persona, 25 casas saqueadas e incendiadas, as\u00ed como secuestros y extorsi\u00f3n, abusos, despojo y amenazas de muerte.<\/p>\n\n\n\n<p>A pesar de ello, no ha habido atenci\u00f3n oficial suficiente y concreta, pues \u201cdentro de la misma Secretar\u00eda General de Gobierno, hay servidores p\u00fablicos que han brindado el apoyo a los grupos de personas que han incitado la violencia, en lugar de apoyar a los habitantes que act\u00faan con forme al estado de derecho\u201d.<\/p>\n\n\n\n<p>Demandaron la debida integraci\u00f3n de las m\u00faltiples carpetas de investigaci\u00f3n radicadas en la fiscal\u00eda local de Tlaxiaco, \u201cque se ha generado en consecuencia de la actuaci\u00f3n de estos grupos delictivos y tambi\u00e9n exigimos su judicializaci\u00f3n, para que no haya m\u00e1s impunidad\u201d.<\/p>\n\n\n\n<figure class=\"wp-block-embed-twitter wp-block-embed is-type-rich is-provider-twitter\"><div class=\"wp-block-embed__wrapper\">\n<div class=\"twitter-tweet\"><blockquote class=\"twitter-tweet\" data-lang=\"es\"><p lang=\"es\" dir=\"ltr\"><a href=\"https:\/\/twitter.com\/hashtag\/%C3%9AltimoMinuto?src=hash&amp;ref_src=twsrc%5Etfw\">#\u00daltimoMinuto<\/a> <br>Otro conflicto desatendido por la <a href=\"https:\/\/twitter.com\/SEGEGO_GobOax?ref_src=twsrc%5Etfw\">@SEGEGO_GobOax<\/a> en la regi\u00f3n Mixteca, deriv\u00f3 en nuevas agresiones.<br>Pobladores de San Esteban Atatlahuaca denuncien ataque de sus vecinos de dos agencias municipales. <br>Bloquean Ciudad Judicial. <a href=\"https:\/\/t.co\/koToS8FIlu\">pic.twitter.com\/koToS8FIlu<\/a><\/p>&mdash; Zona Roja Oaxaca (@Zona_Roja_Oax) <a href=\"https:\/\/twitter.com\/Zona_Roja_Oax\/status\/1404839477382717449?ref_src=twsrc%5Etfw\">15 de junio de 2021<\/a><\/blockquote><\/div>\n<\/div><\/figure>\n\n\n\n<p>Tambi\u00e9n, la instalaci\u00f3n de una base de operaci\u00f3n mixta, de manera permanente en el municipio de San Esteban Atatlahuca, para garantizar la seguridad y la paz social de este municipio y sus comunidades, adem\u00e1s de una mesa de di\u00e1logo de alto nivel.<\/p>\n\n\n\n<p>Igualmente, que se garantice la integridad f\u00edsica y psicol\u00f3gica de todas de los afectados; la reparaci\u00f3n de las 25 viviendas siniestradas por los vecinos de la comunidad de Mier y Ter\u00e1n.<\/p>\n\n\n\n<p>La salida inmediata de la organizaci\u00f3n social Frente de Resistencia Ind\u00edgena Juxtlahuaca, \u201cporque no coadyuvan a resolver el problema, al contrario incitan la violencia y buscan inter\u00e9s econ\u00f3mico personal.<\/p>\n\n\n\n<p>TAMBI\u00c9N EN LA COSTA<\/p>\n\n\n\n<p>Por otra parte, desde temprana hora un grupo de personas bloquea la carretera federal 200, tramo Salina Cruz-Huatulco, a la altura de la comunidad El Coyul, San Pedro Huamelula, pues denuncian fraude por parte del edil, que justifica obras por ocho millones de pesos pero que no se han realizado.<\/p>\n\n\n\n<p>Mientras que hasta este momento, contin\u00faa bloqueada la calle Ni\u00f1os H\u00e9roes y la privada de Margarita, en el barrio Ex Marquesado de la ciudad de Oaxaca, ante la negativa de atender problemas como la saturaci\u00f3n del drenaje y la rehabilitaci\u00f3n de la carpeta asf\u00e1ltica en varias calles. Hasta el momento la Secretar\u00ede General de Gobierno no ha emitido informaci\u00f3n al respecto.<\/p>\n\n\n\n<figure class=\"wp-block-embed-twitter wp-block-embed is-type-rich is-provider-twitter\"><div class=\"wp-block-embed__wrapper\">\n<div class=\"twitter-tweet\"><blockquote class=\"twitter-tweet\" data-lang=\"es\"><p lang=\"es\" dir=\"ltr\"><a href=\"https:\/\/twitter.com\/hashtag\/%C3%9AltimoMinuto?src=hash&amp;ref_src=twsrc%5Etfw\">#\u00daltimoMinuto<\/a> <br>Los bloqueos y protestas no cesan en <a href=\"https:\/\/twitter.com\/hashtag\/Oaxaca?src=hash&amp;ref_src=twsrc%5Etfw\">#Oaxaca<\/a> y hoy son al menos tres. <br>Uno en el barrio Ex Marquesado de la ciudad capital; otro en el edificio gubernamental de Ciudad Judicial y uno m\u00e1s en la v\u00eda federal 200 de la Costa, en inmediaciones de Coyul. <a href=\"https:\/\/t.co\/2ztGg1jvIZ\">pic.twitter.com\/2ztGg1jvIZ<\/a><\/p>&mdash; Zona Roja Oaxaca (@Zona_Roja_Oax) <a href=\"https:\/\/twitter.com\/Zona_Roja_Oax\/status\/1404811752894873606?ref_src=twsrc%5Etfw\">15 de junio de 2021<\/a><\/blockquote><\/div>\n<\/div><\/figure>\n","protected":false},"excerpt":{"rendered":"<p>Redacci\u00f3n\/Zona Roja. Oaxaca de Ju\u00e1rez, Oax., 15 de junio de 2021.- Al menos tres bloqueos&hellip;<\/p>\n","protected":false},"author":2,"featured_media":28577,"comment_status":"closed","ping_status":"open","sticky":false,"template":"","format":"standard","meta":{"_lmt_disableupdate":"","_lmt_disable":"","_jetpack_memberships_contains_paid_content":false,"footnotes":""},"categories":[109,47],"tags":[1025],"class_list":["post-28576","post","type-post","status-publish","format-standard","has-post-thumbnail","hentry","category-minuto-a-minuto","category-zona-gris","tag-san-esteban-atatlahuca"],"jetpack_featured_media_url":"https:\/\/zonaroja.com.mx\/wp-content\/uploads\/2021\/06\/Bloqueo-Ciudad-Judicial.jpg","jetpack_sharing_enabled":true,"_links":{"self":[{"href":"https:\/\/zonaroja.com.mx\/index.php?rest_route=\/wp\/v2\/posts\/28576","targetHints":{"allow":["GET"]}}],"collection":[{"href":"https:\/\/zonaroja.com.mx\/index.php?rest_route=\/wp\/v2\/posts"}],"about":[{"href":"https:\/\/zonaroja.com.mx\/index.php?rest_route=\/wp\/v2\/types\/post"}],"author":[{"embeddable":true,"href":"https:\/\/zonaroja.com.mx\/index.php?rest_route=\/wp\/v2\/users\/2"}],"replies":[{"embeddable":true,"href":"https:\/\/zonaroja.com.mx\/index.php?rest_route=%2Fwp%2Fv2%2Fcomments&post=28576"}],"version-history":[{"count":1,"href":"https:\/\/zonaroja.com.mx\/index.php?rest_route=\/wp\/v2\/posts\/28576\/revisions"}],"predecessor-version":[{"id":28578,"href":"https:\/\/zonaroja.com.mx\/index.php?rest_route=\/wp\/v2\/posts\/28576\/revisions\/28578"}],"wp:featuredmedia":[{"embeddable":true,"href":"https:\/\/zonaroja.com.mx\/index.php?rest_route=\/wp\/v2\/media\/28577"}],"wp:attachment":[{"href":"https:\/\/zonaroja.com.mx\/index.php?rest_route=%2Fwp%2Fv2%2Fmedia&parent=28576"}],"wp:term":[{"taxonomy":"category","embeddable":true,"href":"https:\/\/zonaroja.com.mx\/index.php?rest_route=%2Fwp%2Fv2%2Fcategories&post=28576"},{"taxonomy":"post_tag","embeddable":true,"href":"https:\/\/zonaroja.com.mx\/index.php?rest_route=%2Fwp%2Fv2%2Ftags&post=28576"}],"curies":[{"name":"wp","href":"https:\/\/api.w.org\/{rel}","templated":true}]}}