{"id":28579,"date":"2021-06-15T15:30:16","date_gmt":"2021-06-15T20:30:16","guid":{"rendered":"http:\/\/www.zonaroja.com.mx\/?p=28579"},"modified":"2021-06-15T15:30:20","modified_gmt":"2021-06-15T20:30:20","slug":"reconoce-canaimez-nueva-dirigencia-en-la-industria-del-mezcal-en-oaxaca","status":"publish","type":"post","link":"https:\/\/zonaroja.com.mx\/?p=28579","title":{"rendered":"Reconoce Canaimez nueva dirigencia en la industria del mezcal en Oaxaca"},"content":{"rendered":"\n<p>Evlin Arag\u00f3n\/Zona Roja.<\/p>\n\n\n\n<p>Oaxaca de Ju\u00e1rez, Oax., 15 de junio de 2021.- La C\u00e1mara Nacional de la Industria del Mezcal (Canaimez), encabezada por Luis Espa\u00f1a Garc\u00eda, reconoci\u00f3 a la nueva dirigencia del Consejo Mexicano Regulador de la Calidad del Mezcal (Comercam), nombrada en asamblea de socios, el pasado 15 de mayo.<\/p>\n\n\n\n<p>Lo anterior mediante un oficio en el que aplaudieron la nueva administraci\u00f3n encabezada por el qu\u00edmico bi\u00f3logo Abelino Cohetero Villegas, con quien aseguraron podr\u00e1n trabajar de manera coordinada, sentando las bases de una nueva \u00e9poca para la comunidad mezcalera.&nbsp;<\/p>\n\n\n\n<p>\u201cFelicitamos al nuevo presidente y su directiva, seguros de que viene una nueva \u00e9poca para los mezcaleros con equidad, competitividad, apoyo a productores, inclusi\u00f3n de la mujer y sustentabilidad en todos los procesos productivos\u201d, refiere el documento.&nbsp;<\/p>\n\n\n\n<p>El mismo explica que nunca compartieron la visi\u00f3n monop\u00f3lica de la anterior directiva, encabezada por Hip\u00f3crates Nolasco, toda vez que se neg\u00f3 a reconocer los an\u00e1lisis emitidos por Extracta Laboratorio, de ah\u00ed que iniciaron un proceso legal contra el Comercam.&nbsp;<\/p>\n\n\n\n<p>En este sentido, reconocieron que, como parte de los primeros actos protocolarios de la actual dirigencia, Abelino Cohetero Villegas firm\u00f3 el convenio con Extracta Laboratorio, demostrando su compromiso y otorgando nuevas opciones a la industria mezcalera.&nbsp;<\/p>\n\n\n\n<p>Luis Espa\u00f1a record\u00f3 la importancia del Comercam, ya que se trata del organismo encargado de la regulaci\u00f3n evaluaci\u00f3n de la NOM-070-SFCI-2016 Mezcal Especificaciones, de ah\u00ed la importancia de contar con una dirigencia que impulse la equidad, la competitividad, el apoyo mutuo y la sustentabilidad.<\/p>\n\n\n\n<p>Apenas este fin de semana en Santiago Matatl\u00e1n, en el marco de la Primera Reuni\u00f3n Estatal de Asociados del Comercam, se ratific\u00f3 a Abelino Cohetero Villegas como representante del organismo, luego de su elecci\u00f3n en San Dionisio Ocotepec.&nbsp;&nbsp;<\/p>\n\n\n\n<p>Lo anterior tras la inconformidad de un reducido grupo de asociados, encabezados por Hip\u00f3crates Nolasco, quienes se manifestaron ante la Secretar\u00eda de Econom\u00eda a nivel federal, y propusieron una nueva asamblea, lo cual no se consolid\u00f3 debido a que la mayor\u00eda eligi\u00f3 a su nueva dirigencia.&nbsp;&nbsp;<\/p>\n\n\n\n<p>De acuerdo con Cohetero Villegas, la actual dirigencia cuenta con la legitimidad establecida en los estatutos y el respaldo de casi 900 asociados; as\u00ed mismo cuentan con el acta de asamblea registrada y protocolizada en el Registro P\u00fablico de la Propiedad.&nbsp;<\/p>\n\n\n\n<p>Con la ratificaci\u00f3n realizada este fin de semana obtendr\u00e1n tambi\u00e9n el reconocimiento por parte de la Direcci\u00f3n General de Normas de la Secretar\u00eda de Econom\u00eda Federal.&nbsp;&nbsp;&nbsp;<\/p>\n","protected":false},"excerpt":{"rendered":"<p>Evlin Arag\u00f3n\/Zona Roja. Oaxaca de Ju\u00e1rez, Oax., 15 de junio de 2021.- La C\u00e1mara Nacional&hellip;<\/p>\n","protected":false},"author":2,"featured_media":28580,"comment_status":"closed","ping_status":"open","sticky":false,"template":"","format":"standard","meta":{"_lmt_disableupdate":"","_lmt_disable":"","_jetpack_memberships_contains_paid_content":false,"footnotes":""},"categories":[109,46],"tags":[2744],"class_list":["post-28579","post","type-post","status-publish","format-standard","has-post-thumbnail","hentry","category-minuto-a-minuto","category-zona-blanca","tag-camara-nacional-de-la-industria-del-mezcal-canaimez"],"jetpack_featured_media_url":"https:\/\/zonaroja.com.mx\/wp-content\/uploads\/2021\/06\/Canaimez.jpg","jetpack_sharing_enabled":true,"_links":{"self":[{"href":"https:\/\/zonaroja.com.mx\/index.php?rest_route=\/wp\/v2\/posts\/28579","targetHints":{"allow":["GET"]}}],"collection":[{"href":"https:\/\/zonaroja.com.mx\/index.php?rest_route=\/wp\/v2\/posts"}],"about":[{"href":"https:\/\/zonaroja.com.mx\/index.php?rest_route=\/wp\/v2\/types\/post"}],"author":[{"embeddable":true,"href":"https:\/\/zonaroja.com.mx\/index.php?rest_route=\/wp\/v2\/users\/2"}],"replies":[{"embeddable":true,"href":"https:\/\/zonaroja.com.mx\/index.php?rest_route=%2Fwp%2Fv2%2Fcomments&post=28579"}],"version-history":[{"count":1,"href":"https:\/\/zonaroja.com.mx\/index.php?rest_route=\/wp\/v2\/posts\/28579\/revisions"}],"predecessor-version":[{"id":28581,"href":"https:\/\/zonaroja.com.mx\/index.php?rest_route=\/wp\/v2\/posts\/28579\/revisions\/28581"}],"wp:featuredmedia":[{"embeddable":true,"href":"https:\/\/zonaroja.com.mx\/index.php?rest_route=\/wp\/v2\/media\/28580"}],"wp:attachment":[{"href":"https:\/\/zonaroja.com.mx\/index.php?rest_route=%2Fwp%2Fv2%2Fmedia&parent=28579"}],"wp:term":[{"taxonomy":"category","embeddable":true,"href":"https:\/\/zonaroja.com.mx\/index.php?rest_route=%2Fwp%2Fv2%2Fcategories&post=28579"},{"taxonomy":"post_tag","embeddable":true,"href":"https:\/\/zonaroja.com.mx\/index.php?rest_route=%2Fwp%2Fv2%2Ftags&post=28579"}],"curies":[{"name":"wp","href":"https:\/\/api.w.org\/{rel}","templated":true}]}}