{"id":28582,"date":"2021-06-15T15:46:20","date_gmt":"2021-06-15T20:46:20","guid":{"rendered":"http:\/\/www.zonaroja.com.mx\/?p=28582"},"modified":"2021-06-15T15:46:24","modified_gmt":"2021-06-15T20:46:24","slug":"minimiza-la-fiscalia-de-oaxaca-casos-de-feminicidio-consorcio","status":"publish","type":"post","link":"https:\/\/zonaroja.com.mx\/?p=28582","title":{"rendered":"Minimiza la Fiscal\u00eda de Oaxaca casos de feminicidio: Consorcio"},"content":{"rendered":"\n<p>Redacci\u00f3n\/Zona Roja.<\/p>\n\n\n\n<p>Oaxaca de Ju\u00e1rez a 14 de junio del 2021. Mediante presentaci\u00f3n virtual, Yesica S\u00e1nchez Maya y Soledad Jarqu\u00edn Edgar presentaron un informe elaborado por Consorcio Oaxaca dirigido a la Relatora Especial de las Naciones Unidas sobre Violencia contra las mujeres, sus causas y sus consecuencias, Dubravka \u0160imonovi\u0107 quien, en septiembre pr\u00f3ximo, presentar\u00e1 ante la Asamblea General de la ONU, su an\u00e1lisis de la situaci\u00f3n del feminicidio en el mundo<\/p>\n\n\n\n<p>En su intervenci\u00f3n, S\u00e1nchez Maya, integrante del equipo directivo de Consorcio Oaxaca explic\u00f3 que este informe se basa en datos espec\u00edficos que la organizaci\u00f3n ha sistematizado, mediante su Plataforma de Violencia Feminicida, as\u00ed como a partir de investigaci\u00f3n y de su labor de acompa\u00f1amiento a v\u00edctimas de violencia feminicida.<\/p>\n\n\n\n<p>\u201cSu objetivo es visibilizar estructuralmente una serie de situaciones y por otro lado se basa en la experiencia acumulada a partir del acompa\u00f1amiento a casos concretos, como en el caso de Mar\u00eda del Sol, v\u00edctima de feminicidio hace tres a\u00f1os y cuyo caso permanece en la impunidad. Parte de la narrativa del informe se basa entonces en esta experiencia del trabajo cotidiano que se hace\u201d, se\u00f1al\u00f3.&nbsp;<\/p>\n\n\n\n<p>La defensora de derechos humanos, record\u00f3 que, durante el \u00faltimo a\u00f1o, Consorcio Oaxaca ha presentado diversos informes sobre violencia contra las mujeres en Oaxaca ante las Naciones Unidas.<\/p>\n\n\n\n<p>El primero sobre Violencia contra las mujeres y Covid, despu\u00e9s un aporte espec\u00edfico evaluando el cumplimiento de las recomendaciones del Comit\u00e9 CEDAW en materia de feminicidio, desaparici\u00f3n y alerta de violencia de g\u00e9nero, y este ser\u00eda el tercer informe.<\/p>\n\n\n\n<figure class=\"wp-block-embed-twitter wp-block-embed is-type-rich is-provider-twitter\"><div class=\"wp-block-embed__wrapper\">\n<div class=\"twitter-tweet\"><blockquote class=\"twitter-tweet\" data-lang=\"es\"><p lang=\"es\" dir=\"ltr\">V\u00eddeo de la presentaci\u00f3n virtual: <a href=\"https:\/\/t.co\/ZaW8bwH9II\">https:\/\/t.co\/ZaW8bwH9II<\/a><\/p>&mdash; Consorcio Oaxaca (@consorciooaxaca) <a href=\"https:\/\/twitter.com\/consorciooaxaca\/status\/1404826480626978825?ref_src=twsrc%5Etfw\">15 de junio de 2021<\/a><\/blockquote><\/div>\n<\/div><\/figure>\n\n\n\n<p>Uno de hallazgos que S\u00e1nchez Maya present\u00f3 es que, a pesar de ser previstos por la Ley, en Oaxaca no existen mecanismos oficiales que permitan contar con datos sistematizados y comparables sobre feminicidio.<\/p>\n\n\n\n<p>En este sentido precis\u00f3 que el Banco Estatal de Datos e Informaci\u00f3n Sobre Casos de Violencia Contra las Mujeres, todav\u00eda no se encuentra funcionando y los datos sobre Oaxaca en el BANAVIM son sumamente limitados.<\/p>\n\n\n\n<p>Por otro lado, se\u00f1al\u00f3 que uno de los principales problemas que enfrentan las mujeres en situaci\u00f3n de violencia es la negaci\u00f3n de \u00f3rdenes de protecci\u00f3n por parte de la Fiscal\u00eda, quien argumenta que podr\u00edan \u201calertar a los agresores\u201d.<\/p>\n\n\n\n<p>\u201cEn 2020, se solicitaron \u00f3rdenes de protecci\u00f3n en 17 casos acompa\u00f1ados por Consorcio Oaxaca, de las cuales 7 fueron negadas.<\/p>\n\n\n\n<p>\u201cOtro problema es el de la vigencia de las \u00f3rdenes de protecci\u00f3n que se dictan por un periodo limitado, cuando, conforme al marco legal, deber\u00edan estar vigentes durante todo el periodo de riesgo\u201d, se\u00f1al\u00f3.<\/p>\n\n\n\n<p>DIFIEREN CIFRAS<\/p>\n\n\n\n<p>S\u00e1nchez Maya, present\u00f3 tambi\u00e9n el comparativo entre el n\u00famero de feminicidios registrados por la Fiscal\u00eda del Estado de Oaxaca con el registro de la sociedad civil, destacando que la Fiscal\u00eda tiene un registro mucho menor de feminicidios. Consider\u00f3 que ello se debe a la calificaci\u00f3n masiva de las muertes violentas de mujeres como homicidios y no como feminicidios, incumpliendo en este sentido la obligaci\u00f3n de investigar como feminicidio toda muerte violenta de mujer.<\/p>\n\n\n\n<p>Resalt\u00f3 finalmente algunas de las recomendaciones prioritarias que se plantean en el informe en relaci\u00f3n a garantizar datos accesibles, desglosados y completos sobre feminicidio, incluyendo entre otros, cifras sobre, \u00f3rdenes de aprehensi\u00f3n ejecutadas, personas privadas de la libertad y sentencias obtenidas; se\u00f1al\u00f3 asimismo la urgencia de generar datos precisos sobre \u00f3rdenes de protecci\u00f3n.<\/p>\n\n\n\n<p>Destac\u00f3 por otro lado la importancia de nombrar titular de la Comisi\u00f3n Ejecutiva Estatal de Atenci\u00f3n a V\u00edctimas y dotarla de presupuesto, as\u00ed como priorizar la atenci\u00f3n a hu\u00e9rfanas y hu\u00e9rfanos del feminicidio quienes no est\u00e1n siendo atendidos por el Gobierno del Estado.<\/p>\n\n\n\n<p>\u201cQueremos llamar la atenci\u00f3n al Gobierno del Estado para que se puedan colocar estas recomendaciones en las mesas de trabajo, es muy preocupante que ya vamos a cumplir tres a\u00f1os de la alerta de g\u00e9nero y parece que lo \u00fanico que se hizo fue aceptarla\u201d, dijo.<\/p>\n\n\n\n<figure class=\"wp-block-embed-twitter wp-block-embed is-type-rich is-provider-twitter\"><div class=\"wp-block-embed__wrapper\">\n<div class=\"twitter-tweet\"><blockquote class=\"twitter-tweet\" data-lang=\"es\"><p lang=\"es\" dir=\"ltr\">\u201ccu\u00e1l es la raz\u00f3n adem\u00e1s de estas estrecheces mentales que a veces tienen algunos fiscales, como el que tuvimos hasta marzo de este a\u00f1o; pero tambi\u00e9n debe haber razones pol\u00edticas, razones econ\u00f3micas por lo que no nos han respondido las autoridades\u201d <a href=\"https:\/\/twitter.com\/jarquinedgar?ref_src=twsrc%5Etfw\">@jarquinedgar<\/a> <a href=\"https:\/\/t.co\/wcSdyfUBcb\">pic.twitter.com\/wcSdyfUBcb<\/a><\/p>&mdash; Consorcio Oaxaca (@consorciooaxaca) <a href=\"https:\/\/twitter.com\/consorciooaxaca\/status\/1404485325716705288?ref_src=twsrc%5Etfw\">14 de junio de 2021<\/a><\/blockquote><\/div>\n<\/div><\/figure>\n\n\n\n<p>GOBIERNO CERRADO<\/p>\n\n\n\n<p>Por su parte, Soledad Jarqu\u00edn Edgar, periodista feminista y madre de Mar\u00eda del Sol quien ha sido v\u00edctima de feminicidio, salud\u00f3 el informe y destac\u00f3 que frente al ocultamiento de informaci\u00f3n por parte de los gobiernos; la sociedad civil es quien abre las puertas para ver lo que sucede en relaci\u00f3n a la b\u00fasqueda de la justicia en los casos de violencia feminicida.<\/p>\n\n\n\n<p>\u201cEste informe ha dejado claro que los gobiernos no nos quieren dar informaci\u00f3n. Consorcio Oaxaca nos permite conocer datos precisos, nos muestra que las armas de fuego son las que m\u00e1s se utilizan para ultimar a las mujeres, nos da detalles de edades de las v\u00edctimas, y de las regiones en las que m\u00e1s se cometen. Estos datos no nos lo dan generalmente qui\u00e9n est\u00e1 al frente de las instituciones, esta es la trascendencia de este informe, nos da estos datos precisos y concretos\u201d. expres\u00f3 Jarqu\u00edn Edgar.&nbsp;<\/p>\n\n\n\n<p>Un dato del informe que analiz\u00f3 la periodista y consider\u00f3 particularmente grave se relaciona con acceso a la justicia.<\/p>\n\n\n\n<p>A partir del estudio de datos presentados en el informe, resalt\u00f3 el porcentaje sumamente bajo de muertes violentas de mujeres que se investigan como feminicidio correspondiendo al 10.5% en el 2018, 9.6% en el 2019 y 13% de enero a julio 2020.<\/p>\n\n\n\n<p>Enfatiz\u00f3 el n\u00famero a\u00fan m\u00e1s bajo de casos en los que se llevan a presuntos responsables antes la justicia, pues la Fiscal\u00eda report\u00f3 \u00fanicamente 5 \u00f3rdenes de aprehensi\u00f3n ejecutadas en 2018 por feminicidio, 2 en 2019 y 4 de enero a julio 2020.<\/p>\n\n\n\n<p>\u201cEste porcentaje que saqu\u00e9 a partir de las investigaciones de Consorcio Oaxaca, nos habla del abismo en el que nos dejan las autoridades, al no hacer su tarea, no cumplir, no investigar, no prevenir\u201d, sentenci\u00f3.<\/p>\n\n\n\n<p>La periodista, concluy\u00f3 su intervenci\u00f3n, enfatizando la importancia de las recomendaciones que Consorcio Oaxaca plantea para garantizar el acceso a la justicia para las mujeres en Oaxaca.<\/p>\n\n\n\n<p>\u201cTodo esto que dejan de hacer las instituciones se traduce en acciones de impunidad, nosotras llevamos tres a\u00f1os exigiendo el acceso a la justicia para Mar\u00eda de Sol, y las recomendaciones que hace Consorcio Oaxaca, son emblem\u00e1ticas de lo que hemos vivido, de todo lo que no se ha hecho, de todo lo que no ha cumplido el Estado\u201d, finaliz\u00f3 Jarqu\u00edn Edgar.<\/p>\n\n\n\n<p>(Comunicado)<\/p>\n","protected":false},"excerpt":{"rendered":"<p>Redacci\u00f3n\/Zona Roja. Oaxaca de Ju\u00e1rez a 14 de junio del 2021. Mediante presentaci\u00f3n virtual, Yesica&hellip;<\/p>\n","protected":false},"author":2,"featured_media":28583,"comment_status":"closed","ping_status":"open","sticky":false,"template":"","format":"standard","meta":{"_lmt_disableupdate":"","_lmt_disable":"","_jetpack_memberships_contains_paid_content":false,"footnotes":""},"categories":[109,47],"tags":[1093],"class_list":["post-28582","post","type-post","status-publish","format-standard","has-post-thumbnail","hentry","category-minuto-a-minuto","category-zona-gris","tag-consorcio-para-el-dialogo-oaxaca"],"jetpack_featured_media_url":"https:\/\/zonaroja.com.mx\/wp-content\/uploads\/2021\/06\/Violencia-feminicida-Consorcio.jpg","jetpack_sharing_enabled":true,"_links":{"self":[{"href":"https:\/\/zonaroja.com.mx\/index.php?rest_route=\/wp\/v2\/posts\/28582","targetHints":{"allow":["GET"]}}],"collection":[{"href":"https:\/\/zonaroja.com.mx\/index.php?rest_route=\/wp\/v2\/posts"}],"about":[{"href":"https:\/\/zonaroja.com.mx\/index.php?rest_route=\/wp\/v2\/types\/post"}],"author":[{"embeddable":true,"href":"https:\/\/zonaroja.com.mx\/index.php?rest_route=\/wp\/v2\/users\/2"}],"replies":[{"embeddable":true,"href":"https:\/\/zonaroja.com.mx\/index.php?rest_route=%2Fwp%2Fv2%2Fcomments&post=28582"}],"version-history":[{"count":1,"href":"https:\/\/zonaroja.com.mx\/index.php?rest_route=\/wp\/v2\/posts\/28582\/revisions"}],"predecessor-version":[{"id":28584,"href":"https:\/\/zonaroja.com.mx\/index.php?rest_route=\/wp\/v2\/posts\/28582\/revisions\/28584"}],"wp:featuredmedia":[{"embeddable":true,"href":"https:\/\/zonaroja.com.mx\/index.php?rest_route=\/wp\/v2\/media\/28583"}],"wp:attachment":[{"href":"https:\/\/zonaroja.com.mx\/index.php?rest_route=%2Fwp%2Fv2%2Fmedia&parent=28582"}],"wp:term":[{"taxonomy":"category","embeddable":true,"href":"https:\/\/zonaroja.com.mx\/index.php?rest_route=%2Fwp%2Fv2%2Fcategories&post=28582"},{"taxonomy":"post_tag","embeddable":true,"href":"https:\/\/zonaroja.com.mx\/index.php?rest_route=%2Fwp%2Fv2%2Ftags&post=28582"}],"curies":[{"name":"wp","href":"https:\/\/api.w.org\/{rel}","templated":true}]}}