{"id":2859,"date":"2019-08-06T06:59:33","date_gmt":"2019-08-06T11:59:33","guid":{"rendered":"http:\/\/www.zonaroja.com.mx\/?p=2859"},"modified":"2019-08-06T06:59:35","modified_gmt":"2019-08-06T11:59:35","slug":"en-una-decada-pobreza-en-oaxaca-crecio-en-4-5-por-ciento","status":"publish","type":"post","link":"https:\/\/zonaroja.com.mx\/?p=2859","title":{"rendered":"En una d\u00e9cada, pobreza en Oaxaca creci\u00f3 en 4.5 por ciento"},"content":{"rendered":"\n<p>Redacci\u00f3n\/Zona\nRoja M\u00e9xico.<\/p>\n\n\n\n<p>Ciudad de\nM\u00e9xico.- El Consejo Nacional de Evaluaci\u00f3n de la Pol\u00edtica de Desarrollo Social\n(Coneval) inform\u00f3 ayer que en diez a\u00f1os, el n\u00famero de pobres en M\u00e9xico aument\u00f3\nen dos millones 936 mil 391 personas.<\/p>\n\n\n\n<p>Asimismo, de\nacuerdo con el Balance de medici\u00f3n de pobreza 2008-2018, report\u00f3 que 71.7\nmillones no tienen seguridad social, y que es \u00e9ste uno de los retos para\nreducir la pobreza de manera estructural.<\/p>\n\n\n\n<p>En tanto, Chiapas, Guerrero y Oaxaca se mantuvieron como los estados m\u00e1s pobres del pa\u00eds, con 76.4, 66.5 y 66.4% de su poblaci\u00f3n en dicha condici\u00f3n, revel\u00f3 el Coneval.<\/p>\n\n\n\n<figure class=\"wp-block-image\"><img decoding=\"async\" width=\"664\" height=\"498\" src=\"http:\/\/www.zonaroja.com.mx\/wp-content\/uploads\/2019\/08\/2195261.jpg\" alt=\"\" class=\"wp-image-2860\" srcset=\"https:\/\/zonaroja.com.mx\/wp-content\/uploads\/2019\/08\/2195261.jpg 664w, https:\/\/zonaroja.com.mx\/wp-content\/uploads\/2019\/08\/2195261-300x225.jpg 300w, https:\/\/zonaroja.com.mx\/wp-content\/uploads\/2019\/08\/2195261-585x439.jpg 585w\" sizes=\"(max-width: 664px) 100vw, 664px\" \/><\/figure>\n\n\n\n<p>Indic\u00f3 que entre\n2008 y 2018, para los dos primeros estados se registraron reducciones de la\npobreza en 0.6 y 2.0 puntos porcentuales; sin embargo, Oaxaca fue el que\naument\u00f3 su pobreza en 4.5 puntos porcentuales.<\/p>\n\n\n\n<p>En conferencia de prensa, Jos\u00e9 Nabor Cruz, secretario ejecutivo del Coneval, explic\u00f3 que el n\u00famero de personas vulnerables o en riesgo de caer en pobreza aument\u00f3 en cuatro millones 104 mil 609 personas, lo que implic\u00f3 que pas\u00f3 de 41.2 a 45.3% de la poblaci\u00f3n mexicana.<\/p>\n\n\n\n<figure class=\"wp-block-embed-twitter wp-block-embed is-type-rich is-provider-twitter\"><div class=\"wp-block-embed__wrapper\">\n<div class=\"twitter-tweet\"><blockquote class=\"twitter-tweet\" data-lang=\"es\"><p lang=\"es\" dir=\"ltr\"><a href=\"https:\/\/twitter.com\/hashtag\/ComunicadoCONEVAL?src=hash&amp;ref_src=twsrc%5Etfw\">#ComunicadoCONEVAL<\/a> 10 a\u00f1os de medici\u00f3n de pobreza en M\u00e9xico, avances y retos en pol\u00edtica social. <a href=\"https:\/\/t.co\/zZHmo4a2fx\">https:\/\/t.co\/zZHmo4a2fx<\/a> <a href=\"https:\/\/t.co\/BFFoOVLJqr\">pic.twitter.com\/BFFoOVLJqr<\/a><\/p>&mdash; CONEVAL (@coneval) <a href=\"https:\/\/twitter.com\/coneval\/status\/1158520271399079936?ref_src=twsrc%5Etfw\">5 de agosto de 2019<\/a><\/blockquote><\/div>\n<\/div><\/figure>\n\n\n\n<p>El balance\nse\u00f1ala una reducci\u00f3n en t\u00e9rminos relativos de la pobreza, pues la proporci\u00f3n\npas\u00f3 de 44.4 a 41.9 por ciento. Y resalta que, de mantenerse la tendencia\necon\u00f3mica y social, a M\u00e9xico le tomar\u00eda 175 a\u00f1os llevar la pobreza a cero.<\/p>\n\n\n\n<p>afirm\u00f3 que\nlas seis carencias sociales (educaci\u00f3n, salud, seguridad social, calidad de\nvivienda, servicios b\u00e1sicos de vivienda y alimentaci\u00f3n) tuvieron reducciones en\nel \u00faltimo decenio, en el que se destinaron casi 40 billones de pesos en\ndesarrollo econ\u00f3mico y social (165% del PIB).<\/p>\n\n\n\n<p>Luego de 10\na\u00f1os y haber destinado recursos p\u00fablicos por casi 40 billones de pesos en\ndesarrollo econ\u00f3mico y social (165% del PIB), el n\u00famero de pobres en M\u00e9xico\naument\u00f3 en dos millones 936 mil 391 personas entre 2008 y 2018, inform\u00f3 el\nConsejo Nacional de la Pol\u00edtica de Desarrollo Social (Coneval).<\/p>\n\n\n\n<p>Al hacer un\nbalance a 10 a\u00f1os de implementarse la medici\u00f3n de la pobreza multidimensional,\nel organismo report\u00f3 que este aumento en niveles signific\u00f3, sin embargo, una\nreducci\u00f3n en t\u00e9rminos relativos de la pobreza, pues la proporci\u00f3n de personas\nen esta condici\u00f3n pas\u00f3 de 44.4 a 41.9 por ciento.<\/p>\n\n\n\n<p>En cambio, Nuevo Le\u00f3n, Baja California Sur y Coahuila redujeron su pobreza en 6.8, 3.3 y 10.2 puntos porcentuales en el periodo, siendo los estados con menores niveles de pobreza con 14.2, 18.1 y 22.5%, respectivamente.<\/p>\n\n\n\n<figure class=\"wp-block-embed-twitter wp-block-embed is-type-rich is-provider-twitter\"><div class=\"wp-block-embed__wrapper\">\n<div class=\"twitter-tweet\"><blockquote class=\"twitter-tweet\" data-lang=\"es\"><p lang=\"es\" dir=\"ltr\">El porcentaje de poblaci\u00f3n en situaci\u00f3n de pobreza en zonas rurales pas\u00f3 de 62.5% en 2008 a a 55.3% en 2018<br><br>Las tres entidades con mayores porcentajes de poblaci\u00f3n en situaci\u00f3n de pobreza son Veracruz, Oaxaca y Colima. <a href=\"https:\/\/t.co\/mI6jNHdtEq\">pic.twitter.com\/mI6jNHdtEq<\/a><\/p>&mdash; Jos\u00e9 Nabor Cruz Marcelo (@JoseNabCruz) <a href=\"https:\/\/twitter.com\/JoseNabCruz\/status\/1158408084567576577?ref_src=twsrc%5Etfw\">5 de agosto de 2019<\/a><\/blockquote><\/div>\n<\/div><\/figure>\n\n\n\n<p>CRECIMOS: OAXACA<\/p>\n\n\n\n<p>En un\ncomunicado, el Gobierno del Estado inform\u00f3 que durante la administraci\u00f3n del\ngobernador Alejandro Murat Hinojosa, 132 mil 644 oaxaque\u00f1as y oaxaque\u00f1os\nsalieron de la pobreza y 135 mil 308 personas superaron la pobreza extrema. <\/p>\n\n\n\n<p>\u201cLos\nresultados presentados por el Consejo Nacional de Evaluaci\u00f3n de la Pol\u00edtica de\nDesarrollo Social (Coneval), dan muestra de que, gracias a la coordinaci\u00f3n\nentre los gobiernos federal, estatal y la suma de voluntades, Oaxaca avanza con\npaso firme en el combate a la pobreza\u201d, indic\u00f3.<\/p>\n\n\n\n<p>Los\nresultados de la primera medici\u00f3n de la pobreza multidimensional, se\u00f1alan que\nla pobreza extrema en el estado disminuy\u00f3 en 23.3%, inform\u00f3 la Secretar\u00eda de\nDesarrollo Social y Humano de Oaxaca (Sedesoh).<\/p>\n\n\n\n<p>La reducci\u00f3n\nde la pobreza y pobreza extrema tiene explicaci\u00f3n significativa en la\ndisminuci\u00f3n de cinco carencias sociales y el aumento en el nivel de ingreso de\nlos hogares oaxaque\u00f1os.<\/p>\n\n\n\n<p>\u201cEs\nimportante destacar que a la par con Coneval se presentaron los resultados de\nla Encuesta Nacional de Ingresos y Gastos de los Hogares ENIGH 2018, los cuales\nse\u00f1alan un incremento en el nivel de ingreso corriente de las y los oaxaque\u00f1os\nde tres mil 888 pesos, el m\u00e1s alto en los \u00faltimos 10 a\u00f1os\u201d.<\/p>\n\n\n\n<p>Entre 2016 y\n2018, 126 mil 637 oaxaque\u00f1os y oaxaque\u00f1as pueden adquirir la canasta\nalimentaria y no alimentaria.<\/p>\n\n\n\n<p>En tanto, la falta de los servicios b\u00e1sicos en la vivienda disminuy\u00f3 3.7% lo que representa que 122 mil 453 personas cuentan con mejores servicios b\u00e1sicos en sus hogares, m\u00e1s viviendas tienen agua potable en su interior o en su terreno; y electricidad obtenida del servicio p\u00fablico, proveniente de panel solar, planta particular o de otra fuente.<\/p>\n\n\n\n<figure class=\"wp-block-embed-twitter wp-block-embed is-type-rich is-provider-twitter\"><div class=\"wp-block-embed__wrapper\">\n<div class=\"twitter-tweet\"><blockquote class=\"twitter-tweet\" data-lang=\"es\"><p lang=\"es\" dir=\"ltr\">En 2008, 25.5 millones de mexicanos reportaban carencia por acceso a servicios b\u00e1sicos de la vivienda. En 2018, 24.7 millones de personas se encontraban en esta condici\u00f3n. <br><br>Esta situaci\u00f3n debe preocupar y ocupar a los hacedores de pol\u00edtica p\u00fablica. <a href=\"https:\/\/t.co\/n0uDrXpphr\">pic.twitter.com\/n0uDrXpphr<\/a><\/p>&mdash; Jos\u00e9 Nabor Cruz Marcelo (@JoseNabCruz) <a href=\"https:\/\/twitter.com\/JoseNabCruz\/status\/1158406654783905802?ref_src=twsrc%5Etfw\">5 de agosto de 2019<\/a><\/blockquote><\/div>\n<\/div><\/figure>\n","protected":false},"excerpt":{"rendered":"<p>Redacci\u00f3n\/Zona Roja M\u00e9xico. Ciudad de M\u00e9xico.- El Consejo Nacional de Evaluaci\u00f3n de la Pol\u00edtica de&hellip;<\/p>\n","protected":false},"author":2,"featured_media":2861,"comment_status":"closed","ping_status":"open","sticky":false,"template":"","format":"standard","meta":{"_lmt_disableupdate":"","_lmt_disable":"","_jetpack_memberships_contains_paid_content":false,"footnotes":""},"categories":[109,47],"tags":[487,58],"class_list":["post-2859","post","type-post","status-publish","format-standard","has-post-thumbnail","hentry","category-minuto-a-minuto","category-zona-gris","tag-coneval","tag-oaxaca"],"jetpack_featured_media_url":"https:\/\/zonaroja.com.mx\/wp-content\/uploads\/2019\/08\/Coneval.jpg","jetpack_sharing_enabled":true,"_links":{"self":[{"href":"https:\/\/zonaroja.com.mx\/index.php?rest_route=\/wp\/v2\/posts\/2859","targetHints":{"allow":["GET"]}}],"collection":[{"href":"https:\/\/zonaroja.com.mx\/index.php?rest_route=\/wp\/v2\/posts"}],"about":[{"href":"https:\/\/zonaroja.com.mx\/index.php?rest_route=\/wp\/v2\/types\/post"}],"author":[{"embeddable":true,"href":"https:\/\/zonaroja.com.mx\/index.php?rest_route=\/wp\/v2\/users\/2"}],"replies":[{"embeddable":true,"href":"https:\/\/zonaroja.com.mx\/index.php?rest_route=%2Fwp%2Fv2%2Fcomments&post=2859"}],"version-history":[{"count":1,"href":"https:\/\/zonaroja.com.mx\/index.php?rest_route=\/wp\/v2\/posts\/2859\/revisions"}],"predecessor-version":[{"id":2862,"href":"https:\/\/zonaroja.com.mx\/index.php?rest_route=\/wp\/v2\/posts\/2859\/revisions\/2862"}],"wp:featuredmedia":[{"embeddable":true,"href":"https:\/\/zonaroja.com.mx\/index.php?rest_route=\/wp\/v2\/media\/2861"}],"wp:attachment":[{"href":"https:\/\/zonaroja.com.mx\/index.php?rest_route=%2Fwp%2Fv2%2Fmedia&parent=2859"}],"wp:term":[{"taxonomy":"category","embeddable":true,"href":"https:\/\/zonaroja.com.mx\/index.php?rest_route=%2Fwp%2Fv2%2Fcategories&post=2859"},{"taxonomy":"post_tag","embeddable":true,"href":"https:\/\/zonaroja.com.mx\/index.php?rest_route=%2Fwp%2Fv2%2Ftags&post=2859"}],"curies":[{"name":"wp","href":"https:\/\/api.w.org\/{rel}","templated":true}]}}