{"id":28605,"date":"2021-06-16T07:50:59","date_gmt":"2021-06-16T12:50:59","guid":{"rendered":"http:\/\/www.zonaroja.com.mx\/?p=28605"},"modified":"2021-06-16T08:05:36","modified_gmt":"2021-06-16T13:05:36","slug":"mata-rayo-a-padre-e-hijo-en-comunidad-de-oaxaca","status":"publish","type":"post","link":"https:\/\/zonaroja.com.mx\/?p=28605","title":{"rendered":"Cae un rayo y mata a padre e hijo en comunidad de Oaxaca"},"content":{"rendered":"\n<p>Redacci\u00f3n\/Zona Roja.<\/p>\n\n\n\n<p>Oaxaca de Ju\u00e1rez, Oax., 16 de junio de 2021.- Adem\u00e1s de m\u00faltiples da\u00f1os a las v\u00edas de comunicaci\u00f3n, las fuertes lluvias de los \u00faltimos d\u00edas dejaron como saldo dos personas fallecidas, un padre y su hijo.<\/p>\n\n\n\n<p>La tragedia ocurri\u00f3 la noche del pasado lunes en San Nicol\u00e1s Yaxe, municipio del distrito de Ocotl\u00e1n, Oaxaca, cuando a causa de la fuerte precipitaci\u00f3n pluvial, las hoy v\u00edctimas se refugiaron debajo de una galera con techo de l\u00e1mina.<\/p>\n\n\n\n<p>De repente cay\u00f3 un rayo en la zona, que impact\u00f3 con fuerza sobre el techo de l\u00e1mina y electrocut\u00f3 a padre e hijo. Pobladores arribaron al lugar para tratar de auxiliarlos pero corroboraron que ya hab\u00edan perdido la vida.<\/p>\n\n\n\n<p>Las v\u00edctimas fueron identificadas como Cirilo y Sergio, de 58 y 23 a\u00f1os de edad, de edad, respectivamente.<\/p>\n\n\n\n<p>Peritos y personal del Ministerio P\u00fablico arribaron a la zona para indagar los hechos y la Fiscal\u00eda General del Estado abri\u00f3 una Carpeta de Investigaci\u00f3n para deslindar responsabilidades.<\/p>\n","protected":false},"excerpt":{"rendered":"<p>Redacci\u00f3n\/Zona Roja. Oaxaca de Ju\u00e1rez, Oax., 16 de junio de 2021.- Adem\u00e1s de m\u00faltiples da\u00f1os&hellip;<\/p>\n","protected":false},"author":2,"featured_media":28606,"comment_status":"closed","ping_status":"open","sticky":false,"template":"","format":"standard","meta":{"_lmt_disableupdate":"","_lmt_disable":"","_jetpack_memberships_contains_paid_content":false,"footnotes":""},"categories":[109,51],"tags":[2746],"class_list":["post-28605","post","type-post","status-publish","format-standard","has-post-thumbnail","hentry","category-minuto-a-minuto","category-zona-roja","tag-san-nicolas-yaxe"],"jetpack_featured_media_url":"https:\/\/zonaroja.com.mx\/wp-content\/uploads\/2021\/06\/Rayo-electrocutado.jpg","jetpack_sharing_enabled":true,"_links":{"self":[{"href":"https:\/\/zonaroja.com.mx\/index.php?rest_route=\/wp\/v2\/posts\/28605","targetHints":{"allow":["GET"]}}],"collection":[{"href":"https:\/\/zonaroja.com.mx\/index.php?rest_route=\/wp\/v2\/posts"}],"about":[{"href":"https:\/\/zonaroja.com.mx\/index.php?rest_route=\/wp\/v2\/types\/post"}],"author":[{"embeddable":true,"href":"https:\/\/zonaroja.com.mx\/index.php?rest_route=\/wp\/v2\/users\/2"}],"replies":[{"embeddable":true,"href":"https:\/\/zonaroja.com.mx\/index.php?rest_route=%2Fwp%2Fv2%2Fcomments&post=28605"}],"version-history":[{"count":2,"href":"https:\/\/zonaroja.com.mx\/index.php?rest_route=\/wp\/v2\/posts\/28605\/revisions"}],"predecessor-version":[{"id":28615,"href":"https:\/\/zonaroja.com.mx\/index.php?rest_route=\/wp\/v2\/posts\/28605\/revisions\/28615"}],"wp:featuredmedia":[{"embeddable":true,"href":"https:\/\/zonaroja.com.mx\/index.php?rest_route=\/wp\/v2\/media\/28606"}],"wp:attachment":[{"href":"https:\/\/zonaroja.com.mx\/index.php?rest_route=%2Fwp%2Fv2%2Fmedia&parent=28605"}],"wp:term":[{"taxonomy":"category","embeddable":true,"href":"https:\/\/zonaroja.com.mx\/index.php?rest_route=%2Fwp%2Fv2%2Fcategories&post=28605"},{"taxonomy":"post_tag","embeddable":true,"href":"https:\/\/zonaroja.com.mx\/index.php?rest_route=%2Fwp%2Fv2%2Ftags&post=28605"}],"curies":[{"name":"wp","href":"https:\/\/api.w.org\/{rel}","templated":true}]}}