{"id":28611,"date":"2021-06-16T08:05:09","date_gmt":"2021-06-16T13:05:09","guid":{"rendered":"http:\/\/www.zonaroja.com.mx\/?p=28611"},"modified":"2021-06-16T08:05:14","modified_gmt":"2021-06-16T13:05:14","slug":"atiende-poder-judicial-con-sensibilidad-casos-en-materia-de-adolescentes","status":"publish","type":"post","link":"https:\/\/zonaroja.com.mx\/?p=28611","title":{"rendered":"Atiende Poder Judicial con sensibilidad casos en materia de adolescentes"},"content":{"rendered":"\n<p>Redacci\u00f3n\/Zona Roja.<\/p>\n\n\n\n<p>Oaxaca de Ju\u00e1rez, Oax., 16 de junio de 2021.- Las y los adolescentes constituyen un grupo vulnerable que merece especial atenci\u00f3n de las leyes y las instituciones, y requiere que las y los juzgadores cuenten con sensibilidad para entender las etapas que viven, as\u00ed como las causas que los llevan a encontrarse en conflicto con la ley, afirm\u00f3 la jueza especializada en justicia para adolescentes, del Poder Judicial del Estado, Iliana Gabriela Moreno F\u00e9lix.<\/p>\n\n\n\n<p>Al hablar sobre la trascendencia del actuar del juez en materia de justicia para adolescentes que son se\u00f1alados por la posible comisi\u00f3n de un delito, recalc\u00f3 que las y los jueces deben contar con un conocimiento amplio del sistema penal acusatorio para entender con precisi\u00f3n cuales son los principios que lo rigen, lo que les permitir\u00e1 ser garantes de los derechos de las partes dentro de un proceso, as\u00ed como decidir con base en los argumentos de las y los involucrados, sobre el conflicto presentado ante un juzgado.<\/p>\n\n\n\n<p>\u201cLas y los adolescentes son personas de entre 12 y menos de 18 a\u00f1os de edad, que se encuentran adquiriendo las herramientas para enfrentar la vida en un futuro, y por el hecho de estar en desarrollo, es necesario que la autoridad tome decisiones que protejan sus derechos humanos\u201d, destac\u00f3.<\/p>\n\n\n\n<p>Moreno F\u00e9lix dijo que los delitos atendidos con mayor frecuencia en los juzgados especializados son los de \u00edndole sexual, violencia familiar y aquellos derivados de la disfuncionalidad en el contexto del hogar, deserci\u00f3n escolar y otros factores que muchas veces los orillan a acercarse a grupos delincuenciales.<\/p>\n\n\n\n<p>De acuerdo al Art\u00edculo 18 de la Constituci\u00f3n, la autoridad judicial podr\u00e1 imponer sanciones privativas de libertad como el internamiento, semi internamiento, libertad asistida o estancia domiciliaria; as\u00ed como las no privativas de libertad, que incluyen medidas como amonestaciones, prohibiciones de comunicaci\u00f3n, de asistencia a lugares o de uso de instrumentos similares a aquellos con los que se haya cometido el delito, as\u00ed como la asistencia a asesor\u00edas colectivas o terapias especializadas, entre otras.<\/p>\n\n\n\n<p>Finalmente, se\u00f1al\u00f3 que el internamiento ser\u00e1 impuesto \u00fanicamente en delitos de homicidio, secuestro, violaci\u00f3n, lesiones graves, robos, trata de personas y otros m\u00e1s, que sean lacerantes para la sociedad.<\/p>\n\n\n\n<p>La jueza especializada del Poder Judicial del Estado, Iliana Gabriela Moreno F\u00e9lix fue entrevistada en el Programa \u201cSon mis derechos\u201d, que se transmite los d\u00edas jueves, de manera quincenal, de 18:00 a 19:00 horas por el canal 9.1 de televisi\u00f3n abierta, de la Corporaci\u00f3n Oaxaque\u00f1a de Radio y Televisi\u00f3n.<\/p>\n","protected":false},"excerpt":{"rendered":"<p>Redacci\u00f3n\/Zona Roja. Oaxaca de Ju\u00e1rez, Oax., 16 de junio de 2021.- Las y los adolescentes&hellip;<\/p>\n","protected":false},"author":2,"featured_media":28612,"comment_status":"closed","ping_status":"open","sticky":false,"template":"","format":"standard","meta":{"_lmt_disableupdate":"","_lmt_disable":"","_jetpack_memberships_contains_paid_content":false,"footnotes":""},"categories":[109,46],"tags":[223],"class_list":["post-28611","post","type-post","status-publish","format-standard","has-post-thumbnail","hentry","category-minuto-a-minuto","category-zona-blanca","tag-poder-judicial-de-oaxaca"],"jetpack_featured_media_url":"https:\/\/zonaroja.com.mx\/wp-content\/uploads\/2021\/06\/1La-jueza-fue-entrevistada-en-el-programa-Son-mis-derechos.jpg","jetpack_sharing_enabled":true,"_links":{"self":[{"href":"https:\/\/zonaroja.com.mx\/index.php?rest_route=\/wp\/v2\/posts\/28611","targetHints":{"allow":["GET"]}}],"collection":[{"href":"https:\/\/zonaroja.com.mx\/index.php?rest_route=\/wp\/v2\/posts"}],"about":[{"href":"https:\/\/zonaroja.com.mx\/index.php?rest_route=\/wp\/v2\/types\/post"}],"author":[{"embeddable":true,"href":"https:\/\/zonaroja.com.mx\/index.php?rest_route=\/wp\/v2\/users\/2"}],"replies":[{"embeddable":true,"href":"https:\/\/zonaroja.com.mx\/index.php?rest_route=%2Fwp%2Fv2%2Fcomments&post=28611"}],"version-history":[{"count":1,"href":"https:\/\/zonaroja.com.mx\/index.php?rest_route=\/wp\/v2\/posts\/28611\/revisions"}],"predecessor-version":[{"id":28613,"href":"https:\/\/zonaroja.com.mx\/index.php?rest_route=\/wp\/v2\/posts\/28611\/revisions\/28613"}],"wp:featuredmedia":[{"embeddable":true,"href":"https:\/\/zonaroja.com.mx\/index.php?rest_route=\/wp\/v2\/media\/28612"}],"wp:attachment":[{"href":"https:\/\/zonaroja.com.mx\/index.php?rest_route=%2Fwp%2Fv2%2Fmedia&parent=28611"}],"wp:term":[{"taxonomy":"category","embeddable":true,"href":"https:\/\/zonaroja.com.mx\/index.php?rest_route=%2Fwp%2Fv2%2Fcategories&post=28611"},{"taxonomy":"post_tag","embeddable":true,"href":"https:\/\/zonaroja.com.mx\/index.php?rest_route=%2Fwp%2Fv2%2Ftags&post=28611"}],"curies":[{"name":"wp","href":"https:\/\/api.w.org\/{rel}","templated":true}]}}