{"id":28618,"date":"2021-06-16T10:39:05","date_gmt":"2021-06-16T15:39:05","guid":{"rendered":"http:\/\/www.zonaroja.com.mx\/?p=28618"},"modified":"2021-06-16T10:39:09","modified_gmt":"2021-06-16T15:39:09","slug":"poder-judicial-pierde-legitimidad-con-ley-zaldivar-organizaciones-civiles","status":"publish","type":"post","link":"https:\/\/zonaroja.com.mx\/?p=28618","title":{"rendered":"Poder Judicial pierde legitimidad con \u2018Ley Zald\u00edvar\u2019: organizaciones civiles"},"content":{"rendered":"\n<p>Redacci\u00f3n\/Zona Roja Cdmx.<\/p>\n\n\n\n<p>Ciudad de M\u00e9xico, 16 de junio de 2021.- El Poder Judicial \u201cpierde toda su legitimidad\u201d con la llamada \u2018Ley Zald\u00edvar\u2019, advirtieron este martes organizaciones de la sociedad civil.<\/p>\n\n\n\n<p>Resaltan que incluir el art\u00edculo 13 transitorio en la Reforma Integral al Poder Judicial -que propone la ampliaci\u00f3n del mandato del presidente de la Suprema Corte de cuatro a seis a\u00f1os- es una disposici\u00f3n que atenta contra la Constituci\u00f3n y, adem\u00e1s, es una decisi\u00f3n grave que s\u00f3lo obedece \u201ca un inter\u00e9s personal del presidente de la Rep\u00fablica\u201d.<\/p>\n\n\n\n<p>Al participar en un foro sobre la independencia del Poder Judicial en M\u00e9xico, organizado por la C\u00e1mara de Diputados, la coordinadora del Programa de Transparencia en la Justicia de M\u00e9xico Eval\u00faa, Laurence Pantin, consider\u00f3 que el art\u00edculo 13 transitorio es anticonstitucional, adem\u00e1s de peligroso, porque el Consejo de la Judicatura Federal, el cual es clave para garantizar la independencia y eficiencia de los juzgadores, buscar\u00eda complacer a quien tenga esta decisi\u00f3n entre sus manos de recortar o alargar su mandato.<\/p>\n\n\n\n<p>Alert\u00f3 que es preocupante que el Ejecutivo defienda la ampliaci\u00f3n de mandato del presidente y de los ministros del Poder Judicial, \u201cpues pareciera que tiene un inter\u00e9s personal en que se queden\u201d.<\/p>\n\n\n\n<p>Esto, se\u00f1al\u00f3, atenta con lo pronunciado por la Corte Interamericana de Derechos Humanos, que establece que no basta que la justicia sea independiente, sino que tiene que parecerlo; de lo contrario, las decisiones judiciales pierden toda legitimidad.<\/p>\n\n\n\n<p>Julio R\u00edos Figueroa, de Mexicanos Contra la Corrupci\u00f3n y la Impunidad (MCCI), se\u00f1al\u00f3 que la sociedad civil organizada tambi\u00e9n participa en medios de comunicaci\u00f3n difundiendo logros y se\u00f1alando las debilidades del Poder Judicial. Asimismo, a trav\u00e9s de las investigaciones aplicadas tiene impacto e influye en lo que la sociedad en general piensa o percibe sobre el Poder Judicial.<\/p>\n\n\n\n<p>Indic\u00f3 que esta sociedad ayuda a superar los obst\u00e1culos que enfrentan muchas personas en t\u00e9rminos de acceso a la justicia y contribuye de manera clave para el apoyo del cumplimiento de las sentencias. Una vez que ayud\u00f3 a llevar el caso ante los jueces se convierte en agente de monitoreo de los actores que ahora les toca implementar las sentencias.<\/p>\n\n\n\n<p>Juan Jos\u00e9 Garza Onofre, del Instituto de Investigaciones Jur\u00eddicas de la Universidad Nacional Aut\u00f3noma de M\u00e9xico (UNAM), apunt\u00f3 que la din\u00e1mica y el mecanismo que utiliza el Poder Judicial para no socializar su trabajo resulta cuesta arriba para el acceso a la justicia. \u201cHay un problema estructural ya que no existe un puente que lo conecte con la sociedad civil\u201d.<\/p>\n\n\n\n<p>Destac\u00f3 que si se quiere hablar de una reforma judicial hist\u00f3rica, no se puede dejar de lado la justicia social; ya que no se va cambiar hasta que se entienda que la justicia local debe de ser algo que est\u00e9 con los mismos criterios de evaluaci\u00f3n y transparencia que los par\u00e1metros federales. \u201cLa clave para una buena convivencia del Poder Judicial y sociedad civil est\u00e1 en el acceso a la justicia\u201d, dijo.<\/p>\n\n\n\n<p>Estefan\u00eda Vela Barba, de Intersecta, se refiri\u00f3 a los tribunales, los cuales coment\u00f3 que resuelven conflictos entre partes, pueden ser dos personas o dos poderes; asimismo, son instancias a las cuales se puede acudir cuando nuestros derechos son vulnerados.<\/p>\n\n\n\n<p>\u201cLos tribunales importan, no s\u00f3lo para quienes est\u00e1n en el litigio, sino porque en esa resoluci\u00f3n de esos conflictos se puede cometer una serie de injusticias; desde tribunales que por corrupci\u00f3n distorsionan la ley hasta tribunales que act\u00faan con base en estereotipos o prejuicios machistas, racistas o clasistas que cometen una serie de injusticias\u201d, agreg\u00f3.<\/p>\n\n\n\n<p>Susana Camacho Maciel, del Colectivo contra la Impunidemia, expuso que el tema de calidad se relaciona con la satisfacci\u00f3n de los usuarios y, en el caso de la justicia, se tiene que dejar de centrar el trabajo en el funcionario p\u00fablico ya que la autonom\u00eda de jueces y magistrados est\u00e1 en la funci\u00f3n de un derecho de la ciudadan\u00eda.<\/p>\n\n\n\n<p>Asimismo, puntualiz\u00f3 que uno de los principales puntos a priorizar, para garantizar el acceso a la justicia, es que en las audiencias de donde se pronuncian los jueces sean p\u00fablicas y con una inclusi\u00f3n de lenguaje sencillo. Hoy en d\u00eda la funci\u00f3n de los jueces est\u00e1 cambiando, pero a\u00fan faltan algunos elementos\u201d, se\u00f1al\u00f3.<\/p>\n\n\n\n<p>Irene Tello Arista, directora ejecutiva de Impunidad Cero, coment\u00f3 que para un buen funcionamiento del poder Judicial es necesario regresar a la \u00f3ptica de pol\u00edtica p\u00fablica, donde se identifican los problemas y la soluci\u00f3n adecuada, ya que ahora hay leyes muy ambiciosas que cuando se trata de socializar tienen muy poco impacto.<\/p>\n\n\n\n<p>Adem\u00e1s, coment\u00f3 que es fundamental que se impulse la transparencia en la informaci\u00f3n en los casos, las sentencias y resoluciones y se analice c\u00f3mo se enfrenta la judicializaci\u00f3n de derechos b\u00e1sicos pues, en este momento, se utiliza el amparo para resolver asuntos de pol\u00edticas p\u00fablicas.<\/p>\n\n\n\n<p>(Informaci\u00f3n de \u201cEl Financiero\u201d)<\/p>\n","protected":false},"excerpt":{"rendered":"<p>Redacci\u00f3n\/Zona Roja Cdmx. Ciudad de M\u00e9xico, 16 de junio de 2021.- El Poder Judicial \u201cpierde&hellip;<\/p>\n","protected":false},"author":2,"featured_media":24779,"comment_status":"closed","ping_status":"open","sticky":false,"template":"","format":"standard","meta":{"_lmt_disableupdate":"","_lmt_disable":"","_jetpack_memberships_contains_paid_content":false,"footnotes":""},"categories":[109,47],"tags":[811],"class_list":["post-28618","post","type-post","status-publish","format-standard","has-post-thumbnail","hentry","category-minuto-a-minuto","category-zona-gris","tag-suprema-corte-de-justicia-de-la-nacion"],"jetpack_featured_media_url":"https:\/\/zonaroja.com.mx\/wp-content\/uploads\/2021\/03\/Suprema-Corte-de-Justicia.jpg","jetpack_sharing_enabled":true,"_links":{"self":[{"href":"https:\/\/zonaroja.com.mx\/index.php?rest_route=\/wp\/v2\/posts\/28618","targetHints":{"allow":["GET"]}}],"collection":[{"href":"https:\/\/zonaroja.com.mx\/index.php?rest_route=\/wp\/v2\/posts"}],"about":[{"href":"https:\/\/zonaroja.com.mx\/index.php?rest_route=\/wp\/v2\/types\/post"}],"author":[{"embeddable":true,"href":"https:\/\/zonaroja.com.mx\/index.php?rest_route=\/wp\/v2\/users\/2"}],"replies":[{"embeddable":true,"href":"https:\/\/zonaroja.com.mx\/index.php?rest_route=%2Fwp%2Fv2%2Fcomments&post=28618"}],"version-history":[{"count":1,"href":"https:\/\/zonaroja.com.mx\/index.php?rest_route=\/wp\/v2\/posts\/28618\/revisions"}],"predecessor-version":[{"id":28619,"href":"https:\/\/zonaroja.com.mx\/index.php?rest_route=\/wp\/v2\/posts\/28618\/revisions\/28619"}],"wp:featuredmedia":[{"embeddable":true,"href":"https:\/\/zonaroja.com.mx\/index.php?rest_route=\/wp\/v2\/media\/24779"}],"wp:attachment":[{"href":"https:\/\/zonaroja.com.mx\/index.php?rest_route=%2Fwp%2Fv2%2Fmedia&parent=28618"}],"wp:term":[{"taxonomy":"category","embeddable":true,"href":"https:\/\/zonaroja.com.mx\/index.php?rest_route=%2Fwp%2Fv2%2Fcategories&post=28618"},{"taxonomy":"post_tag","embeddable":true,"href":"https:\/\/zonaroja.com.mx\/index.php?rest_route=%2Fwp%2Fv2%2Ftags&post=28618"}],"curies":[{"name":"wp","href":"https:\/\/api.w.org\/{rel}","templated":true}]}}