{"id":28620,"date":"2021-06-16T10:40:07","date_gmt":"2021-06-16T15:40:07","guid":{"rendered":"http:\/\/www.zonaroja.com.mx\/?p=28620"},"modified":"2021-06-16T10:40:11","modified_gmt":"2021-06-16T15:40:11","slug":"linea-12-colapso-por-falla-estructural-asociada-a-la-construccion-senala-peritaje-independiente","status":"publish","type":"post","link":"https:\/\/zonaroja.com.mx\/?p=28620","title":{"rendered":"L\u00ednea 12 colaps\u00f3 por falla estructural asociada a la construcci\u00f3n, se\u00f1ala peritaje independiente"},"content":{"rendered":"\n<p>Redacci\u00f3n\/Zona Roja Cdmx.<\/p>\n\n\n\n<p>Ciudad de M\u00e9xico, 16 de junio de 2021.- El colapso de un tramo de la L\u00ednea 12 del Metro fue provocado por una falla estructural asociada al menos a seis deficiencias en el proceso de construcci\u00f3n de la obra, revela el peritaje preliminar elaborado por la empresa noruega DNV y encargado por el Gobierno capitalino.<\/p>\n\n\n\n<p>De acuerdo con el documento, cuya copia tiene \u201cEl Financiero\u201d, se trata de la soldadura de los pernos Nelson; porosidad y falta de fusi\u00f3n en la uni\u00f3n de pernos y trabe; falta de pernos en las trabes que conforman el conjunto del puente, adem\u00e1s de diferentes tipos de concreto en la tableta; soldaduras no concluidas o mal ejecutadas, y \u201csupervisi\u00f3n y control dimensional en soldaduras de filete\u201d.<\/p>\n\n\n\n<p>El an\u00e1lisis t\u00e9cnico-cient\u00edfico determina la deformaci\u00f3n en las trabes, en patines y almas que las conforman; tambi\u00e9n identific\u00f3 roturas en almas de las trabes, perfiles de \u00e1ngulo y placas de conexi\u00f3n.<\/p>\n\n\n\n<p>En una versi\u00f3n previa del dictamen a la que tuvo acceso este diario, se hablaba de cuatro l\u00edneas de investigaci\u00f3n que inclu\u00edan, adicionalmente, la trituraci\u00f3n de la losa de concreto; la influencia de cargas por el sistema de ferrocarril y la falta de mantenimiento de la infraestructura. En la \u00faltima versi\u00f3n, estos elementos ya no aparecieron.<\/p>\n\n\n\n<p>Aqu\u00ed la investigaci\u00f3n exclusiva de \u201cEl Financiero\u201d:<\/p>\n\n\n\n<figure class=\"wp-block-embed\"><div class=\"wp-block-embed__wrapper\">\nhttps:\/\/www.elfinanciero.com.mx\/nacional\/2021\/06\/16\/exclusiva-linea-12-se-cayo-por-mala-construccion-senala-peritaje-oficial\/\n<\/div><\/figure>\n","protected":false},"excerpt":{"rendered":"<p>Redacci\u00f3n\/Zona Roja Cdmx. Ciudad de M\u00e9xico, 16 de junio de 2021.- El colapso de un&hellip;<\/p>\n","protected":false},"author":2,"featured_media":26827,"comment_status":"closed","ping_status":"open","sticky":false,"template":"","format":"standard","meta":{"_lmt_disableupdate":"","_lmt_disable":"","_jetpack_memberships_contains_paid_content":false,"footnotes":""},"categories":[109,47],"tags":[2652],"class_list":["post-28620","post","type-post","status-publish","format-standard","has-post-thumbnail","hentry","category-minuto-a-minuto","category-zona-gris","tag-metro-ciudad-de-mexico"],"jetpack_featured_media_url":"https:\/\/zonaroja.com.mx\/wp-content\/uploads\/2021\/05\/Tragedia-Metro-ciudad-de-Mexico.jpg","jetpack_sharing_enabled":true,"_links":{"self":[{"href":"https:\/\/zonaroja.com.mx\/index.php?rest_route=\/wp\/v2\/posts\/28620","targetHints":{"allow":["GET"]}}],"collection":[{"href":"https:\/\/zonaroja.com.mx\/index.php?rest_route=\/wp\/v2\/posts"}],"about":[{"href":"https:\/\/zonaroja.com.mx\/index.php?rest_route=\/wp\/v2\/types\/post"}],"author":[{"embeddable":true,"href":"https:\/\/zonaroja.com.mx\/index.php?rest_route=\/wp\/v2\/users\/2"}],"replies":[{"embeddable":true,"href":"https:\/\/zonaroja.com.mx\/index.php?rest_route=%2Fwp%2Fv2%2Fcomments&post=28620"}],"version-history":[{"count":1,"href":"https:\/\/zonaroja.com.mx\/index.php?rest_route=\/wp\/v2\/posts\/28620\/revisions"}],"predecessor-version":[{"id":28621,"href":"https:\/\/zonaroja.com.mx\/index.php?rest_route=\/wp\/v2\/posts\/28620\/revisions\/28621"}],"wp:featuredmedia":[{"embeddable":true,"href":"https:\/\/zonaroja.com.mx\/index.php?rest_route=\/wp\/v2\/media\/26827"}],"wp:attachment":[{"href":"https:\/\/zonaroja.com.mx\/index.php?rest_route=%2Fwp%2Fv2%2Fmedia&parent=28620"}],"wp:term":[{"taxonomy":"category","embeddable":true,"href":"https:\/\/zonaroja.com.mx\/index.php?rest_route=%2Fwp%2Fv2%2Fcategories&post=28620"},{"taxonomy":"post_tag","embeddable":true,"href":"https:\/\/zonaroja.com.mx\/index.php?rest_route=%2Fwp%2Fv2%2Ftags&post=28620"}],"curies":[{"name":"wp","href":"https:\/\/api.w.org\/{rel}","templated":true}]}}