{"id":28622,"date":"2021-06-16T14:28:18","date_gmt":"2021-06-16T19:28:18","guid":{"rendered":"http:\/\/www.zonaroja.com.mx\/?p=28622"},"modified":"2021-06-16T14:28:21","modified_gmt":"2021-06-16T19:28:21","slug":"opinion-la-deriva-y-la-tormenta","status":"publish","type":"post","link":"https:\/\/zonaroja.com.mx\/?p=28622","title":{"rendered":"Opini\u00f3n. La deriva y la tormenta"},"content":{"rendered":"\n<p>Gibr\u00e1n Ram\u00edrez Reyes*<\/p>\n\n\n\n<p>A diferencia de otros campos del gobierno \u2014la pol\u00edtica energ\u00e9tica, la de salud, la social\u2014 que tienen objetivos y metas claros y bien definidos por la administraci\u00f3n del presidente L\u00f3pez Obrador, carecemos de una pol\u00edtica educativa estructurada claramente. No se trata de un problema reciente.<\/p>\n\n\n\n<p>De lo que deber\u00eda significar la \u201cNueva Escuela Mexicana\u201d no ha habido sino documentos que desdoblan generalidades, que hacen hincapi\u00e9 en valores, pero que carecen de filosof\u00eda, m\u00e9todo, formas de concreci\u00f3n.<\/p>\n\n\n\n<p>Hay, eso s\u00ed, una pol\u00edtica paraeducativa, que consiste en allegar recursos materiales a las comunidades escolares, dar becas a los ni\u00f1os, restituir su prestigio al magisterio (o revalorizarlo, como dice el Presidente).<\/p>\n\n\n\n<p>Todo eso est\u00e1 muy bien, se hace de buena fe y puede ofrecer resultados. Pero lo que pasa dentro de las aulas y la gesti\u00f3n propiamente escolar importan mucho, hab\u00edan funcionado inercialmente y la falta de plan al respecto vino a exhibirse con toda impudicia a causa de la pandemia y el inminente regreso a las aulas.<\/p>\n\n\n\n<p>La emergencia arruin\u00f3 dos a\u00f1os de formaci\u00f3n de ni\u00f1os y j\u00f3venes mexicanos, dos a\u00f1os que el personal t\u00e9cnico de la SEP intent\u00f3 rescatar con enormes dificultades y un heroico trabajo a toda marcha de la mano de la televisi\u00f3n p\u00fablica mexicana que quedar\u00e1 para la historia.<\/p>\n\n\n\n<p>As\u00ed, a los problemas estructurales se sum\u00f3 la pandemia y, como es natural cuando se carece de rumbo en medio de una tormenta, hay ahora otras dificultades para comunicar el curso de la educaci\u00f3n en M\u00e9xico y las decisiones al respecto.<\/p>\n\n\n\n<p>Ya hubo una crisis comunicacional derivada del novedoso m\u00e9todo para confeccionar libros de texto m\u00e1s r\u00e1pidamente que una pizza; y emergen nuevos ahora para establecer los tiempos y las formas del regreso a las aulas que, por estar sujetos a un planteamiento ambiguo, fueron aprovechados por una parte del gremio magisterial para oponer resistencia a un pronto regreso.<\/p>\n\n\n\n<p>Este segundo problema, aunque es grave, anticipa de otro peor: una posible crisis mayor, pues no sabemos todav\u00eda c\u00f3mo pasar\u00e1n los ni\u00f1os de un grado a otro, y, lo que es peor, qu\u00e9 pasar\u00e1 con aquellos que deben transitar de la primaria a la secundaria o de la secundaria a la media superior.<\/p>\n\n\n\n<p>\u00bfCu\u00e1l es la idea del restablecimiento de la relaci\u00f3n entre los estudiantes y las escuelas?, \u00bfcu\u00e1ntos estudiantes fueron los que no mantuvieron contacto con los docentes durante la pandemia?, \u00bfcu\u00e1ntos mantuvieron contacto intermitente?, \u00bfhabr\u00e1 un umbral para definir qu\u00e9 grado de contacto se considera equivalente a cursar el ciclo o simplemente habr\u00e1 pase autom\u00e1tico?, \u00bfse va a reprobar aun si las causas de la falta de contacto no son atribuibles a las estudiantes?<\/p>\n\n\n\n<p>La SEP ha reconocido la necesidad de tener un plan para responder a estas preguntas, pero, hasta este domingo, no se hab\u00eda publicado la norma para evaluar este ciclo escolar, sin que se conozcan los sesudos debates que est\u00e1n retrasando la toma de decisiones de la que depende el curso de vida de varios millones de mexicanos.<\/p>\n\n\n\n<p>Cuando un plan se ve interrumpido por una emergencia se buscan formas de retomar el cauce. Cuando una tormenta te sorprende a la deriva el problema es mucho m\u00e1s complejo.<\/p>\n","protected":false},"excerpt":{"rendered":"<p>Gibr\u00e1n Ram\u00edrez Reyes* A diferencia de otros campos del gobierno \u2014la pol\u00edtica energ\u00e9tica, la de&hellip;<\/p>\n","protected":false},"author":2,"featured_media":24099,"comment_status":"closed","ping_status":"open","sticky":false,"template":"","format":"standard","meta":{"_lmt_disableupdate":"","_lmt_disable":"","_jetpack_memberships_contains_paid_content":false,"footnotes":""},"categories":[456,109],"tags":[2489],"class_list":["post-28622","post","type-post","status-publish","format-standard","has-post-thumbnail","hentry","category-columna","category-minuto-a-minuto","tag-gibran-ramirez-reyes"],"jetpack_featured_media_url":"https:\/\/zonaroja.com.mx\/wp-content\/uploads\/2021\/02\/Gibran-Ramirez-Reyes.jpg","jetpack_sharing_enabled":true,"_links":{"self":[{"href":"https:\/\/zonaroja.com.mx\/index.php?rest_route=\/wp\/v2\/posts\/28622","targetHints":{"allow":["GET"]}}],"collection":[{"href":"https:\/\/zonaroja.com.mx\/index.php?rest_route=\/wp\/v2\/posts"}],"about":[{"href":"https:\/\/zonaroja.com.mx\/index.php?rest_route=\/wp\/v2\/types\/post"}],"author":[{"embeddable":true,"href":"https:\/\/zonaroja.com.mx\/index.php?rest_route=\/wp\/v2\/users\/2"}],"replies":[{"embeddable":true,"href":"https:\/\/zonaroja.com.mx\/index.php?rest_route=%2Fwp%2Fv2%2Fcomments&post=28622"}],"version-history":[{"count":1,"href":"https:\/\/zonaroja.com.mx\/index.php?rest_route=\/wp\/v2\/posts\/28622\/revisions"}],"predecessor-version":[{"id":28623,"href":"https:\/\/zonaroja.com.mx\/index.php?rest_route=\/wp\/v2\/posts\/28622\/revisions\/28623"}],"wp:featuredmedia":[{"embeddable":true,"href":"https:\/\/zonaroja.com.mx\/index.php?rest_route=\/wp\/v2\/media\/24099"}],"wp:attachment":[{"href":"https:\/\/zonaroja.com.mx\/index.php?rest_route=%2Fwp%2Fv2%2Fmedia&parent=28622"}],"wp:term":[{"taxonomy":"category","embeddable":true,"href":"https:\/\/zonaroja.com.mx\/index.php?rest_route=%2Fwp%2Fv2%2Fcategories&post=28622"},{"taxonomy":"post_tag","embeddable":true,"href":"https:\/\/zonaroja.com.mx\/index.php?rest_route=%2Fwp%2Fv2%2Ftags&post=28622"}],"curies":[{"name":"wp","href":"https:\/\/api.w.org\/{rel}","templated":true}]}}