{"id":28624,"date":"2021-06-16T14:54:03","date_gmt":"2021-06-16T19:54:03","guid":{"rendered":"http:\/\/www.zonaroja.com.mx\/?p=28624"},"modified":"2021-06-16T14:54:05","modified_gmt":"2021-06-16T19:54:05","slug":"piden-intervencion-de-gobernador-por-la-invasion-de-zonas-naturales-protegidas","status":"publish","type":"post","link":"https:\/\/zonaroja.com.mx\/?p=28624","title":{"rendered":"Piden intervenci\u00f3n de gobernador por la invasi\u00f3n de zonas naturales protegidas"},"content":{"rendered":"\n<p>Evlin Arag\u00f3n\/Zona Roja.<\/p>\n\n\n\n<p>Oaxaca de Ju\u00e1rez, Oax., 16 de junio de 2021.- Ambientalistas de Oaxaca pidieron a las autoridades estatales la delimitaci\u00f3n del \u00e1rea protegida en las inmediaciones del cerro del \u201cCrest\u00f3n\u201d, cerro del \u201cFort\u00edn\u201d y la presa \u201cRompepicos\u201d, con la intenci\u00f3n de evidenciar y sancionar las invasiones que registra la zona y ante lo cual no se realizan acciones contundentes.&nbsp;<\/p>\n\n\n\n<p>Con pancarta en mano, demandaron cambios profundos en las \u00e1reas encargadas del cuidado del medio ambiente, lo anterior, antes que terminen de repartir las \u00e1reas naturales a particulares, como sucede actualmente.&nbsp;<\/p>\n\n\n\n<p>\u201cSe\u00f1or gobernador exigimos demarcamiento de nuestras \u00e1reas naturales, r\u00edos, arroyos y presas. Te lo exigimos\u201d; \u201cEl cerro del Crest\u00f3n no se vende\u201d, y \u201cExigimos cambios profundos en Semaedeso, Conanp, Semartat y Conagua, antes de que terminen de repartir nuestras \u00e1reas naturales\u201d, refieren las cartulinas con las que acompa\u00f1aron su protesta.&nbsp;<\/p>\n\n\n\n<p>En un breve encuentro con los medios de comunicaci\u00f3n en el parque \u201cEl Llano\u201d, indicaron que pese a las constantes denuncias realizadas por la comunidad ambientalista, nada se ha hecho para impedir que se contin\u00faen los trabajos con maquinaria pesada en zonas que supuestamente est\u00e1n prohibidas.\u00a0<\/p>\n\n\n\n<figure class=\"wp-block-embed-twitter wp-block-embed is-type-rich is-provider-twitter\"><div class=\"wp-block-embed__wrapper\">\n<div class=\"twitter-tweet\"><blockquote class=\"twitter-tweet\" data-lang=\"es\"><p lang=\"es\" dir=\"ltr\"><a href=\"https:\/\/twitter.com\/hashtag\/%C3%9AltimoMinuto?src=hash&amp;ref_src=twsrc%5Etfw\">#\u00daltimoMinuto<\/a> <br>A) Ante la desidia del <a href=\"https:\/\/twitter.com\/MunicipioOaxaca?ref_src=twsrc%5Etfw\">@MunicipioOaxaca<\/a> y <a href=\"https:\/\/twitter.com\/GobOax?ref_src=twsrc%5Etfw\">@GobOax<\/a>, habitantes de asentamientos aleda\u00f1os al cerro del \u201cCrest\u00f3n\u201d denuncian m\u00e1s invasi\u00f3n y destrucci\u00f3n de la reserva natural. <a href=\"https:\/\/t.co\/5jAUtgDecZ\">pic.twitter.com\/5jAUtgDecZ<\/a><\/p>&mdash; Zona Roja Oaxaca (@Zona_Roja_Oax) <a href=\"https:\/\/twitter.com\/Zona_Roja_Oax\/status\/1405222645495386113?ref_src=twsrc%5Etfw\">16 de junio de 2021<\/a><\/blockquote><\/div>\n<\/div><\/figure>\n\n\n\n<p>\u201cExigimos al Gobierno del Estado que le d\u00e9 seguimiento a los acuerdos que ten\u00edamos con la Secretar\u00eda del Medio Ambiente para que emitiera las convocatorias para constituir los consejos ciudadanos de protecci\u00f3n a las \u00e1reas naturales\u201d, indicaron en una breve conferencia.&nbsp;&nbsp;&nbsp;<\/p>\n\n\n\n<p>En este mismo sentido, denunciaron que desde hace una semana, maquinaria pesada se encuentra devastando el cerro sin que nadie detenga los trabajo en una zona que claramente est\u00e1 prohibida, raz\u00f3n por la que acusaron de complicidad a las autoridades municipales de Oaxaca de Ju\u00e1rez, encabezadas todav\u00eda por Oswaldo Garc\u00eda Jarqu\u00edn.&nbsp;<\/p>\n\n\n\n<p>Explicaron que, previamente, se acord\u00f3 con la Secretar\u00eda del Medio Ambiente, Energ\u00edas y Desarrollo Sustentable que las \u00e1reas naturales deben estar protegidas por consejos ciudadanos, de ah\u00ed que se comprometieron a emitir las convocatorias correspondientes para su conformaci\u00f3n.&nbsp;<\/p>\n\n\n\n<p>Lamentaron que, pese a que lo exige la Ley de Equilibrio Ecol\u00f3gico, los consejos no existen en Oaxaca, de ah\u00ed que particulares se est\u00e1n adue\u00f1ando de estas zonas, en complicidad con las autoridades municipales y estatales.<\/p>\n\n\n\n<figure class=\"wp-block-embed-twitter wp-block-embed is-type-rich is-provider-twitter\"><div class=\"wp-block-embed__wrapper\">\n<div class=\"twitter-tweet\"><blockquote class=\"twitter-tweet\" data-lang=\"es\"><p lang=\"es\" dir=\"ltr\"><a href=\"https:\/\/twitter.com\/hashtag\/%C3%9AltimoMinuto?src=hash&amp;ref_src=twsrc%5Etfw\">#\u00daltimoMinuto<\/a> <br>B). Tras la conferencia de prensa en el parque \u201cE Llano\u201d, activistas de protecci\u00f3n al cerro del \u201cCrest\u00f3n\u201d de la ciudad de <a href=\"https:\/\/twitter.com\/hashtag\/Oaxaca?src=hash&amp;ref_src=twsrc%5Etfw\">#Oaxaca<\/a>, acudieron a la Casa Oficial de Gobierno para exigir una audiencia para que sea atendida la problem\u00e1tica;les dieron una cita posterior. <a href=\"https:\/\/t.co\/QnWCule2hB\">pic.twitter.com\/QnWCule2hB<\/a><\/p>&mdash; Zona Roja Oaxaca (@Zona_Roja_Oax) <a href=\"https:\/\/twitter.com\/Zona_Roja_Oax\/status\/1405249102347177986?ref_src=twsrc%5Etfw\">16 de junio de 2021<\/a><\/blockquote><\/div>\n<\/div><\/figure>\n\n\n\n<p>Por lo anterior insistieron en el cumplimiento de los acuerdos signados con la autoridades locales y nacionales para garantizar el resguardo de los cerros que, adem\u00e1s, son propiedad de todas y todos los oaxaque\u00f1os, y forman parte de los pocos pulmones con los que cuenta la capital.&nbsp;<\/p>\n\n\n\n<p>Tras la conferencia, se trasladaron a la sede de la Casa Oficial, en la avenida Ju\u00e1rez que bloquearon por unos minutos, para pedir una audiencia con el titular del Poder Ejecutivo; sin embargo, s\u00f3lo les dieron cita con funcionarios menores para los pr\u00f3ximos d\u00edas.<\/p>\n","protected":false},"excerpt":{"rendered":"<p>Evlin Arag\u00f3n\/Zona Roja. Oaxaca de Ju\u00e1rez, Oax., 16 de junio de 2021.- Ambientalistas de Oaxaca&hellip;<\/p>\n","protected":false},"author":2,"featured_media":28625,"comment_status":"closed","ping_status":"open","sticky":false,"template":"","format":"standard","meta":{"_lmt_disableupdate":"","_lmt_disable":"","_jetpack_memberships_contains_paid_content":false,"footnotes":""},"categories":[109,47],"tags":[2045],"class_list":["post-28624","post","type-post","status-publish","format-standard","has-post-thumbnail","hentry","category-minuto-a-minuto","category-zona-gris","tag-cerro-del-creston-ciudad-de-oaxaca"],"jetpack_featured_media_url":"https:\/\/zonaroja.com.mx\/wp-content\/uploads\/2021\/06\/Conferencia-Creston-ciudad-Oaxaca.jpg","jetpack_sharing_enabled":true,"_links":{"self":[{"href":"https:\/\/zonaroja.com.mx\/index.php?rest_route=\/wp\/v2\/posts\/28624","targetHints":{"allow":["GET"]}}],"collection":[{"href":"https:\/\/zonaroja.com.mx\/index.php?rest_route=\/wp\/v2\/posts"}],"about":[{"href":"https:\/\/zonaroja.com.mx\/index.php?rest_route=\/wp\/v2\/types\/post"}],"author":[{"embeddable":true,"href":"https:\/\/zonaroja.com.mx\/index.php?rest_route=\/wp\/v2\/users\/2"}],"replies":[{"embeddable":true,"href":"https:\/\/zonaroja.com.mx\/index.php?rest_route=%2Fwp%2Fv2%2Fcomments&post=28624"}],"version-history":[{"count":1,"href":"https:\/\/zonaroja.com.mx\/index.php?rest_route=\/wp\/v2\/posts\/28624\/revisions"}],"predecessor-version":[{"id":28626,"href":"https:\/\/zonaroja.com.mx\/index.php?rest_route=\/wp\/v2\/posts\/28624\/revisions\/28626"}],"wp:featuredmedia":[{"embeddable":true,"href":"https:\/\/zonaroja.com.mx\/index.php?rest_route=\/wp\/v2\/media\/28625"}],"wp:attachment":[{"href":"https:\/\/zonaroja.com.mx\/index.php?rest_route=%2Fwp%2Fv2%2Fmedia&parent=28624"}],"wp:term":[{"taxonomy":"category","embeddable":true,"href":"https:\/\/zonaroja.com.mx\/index.php?rest_route=%2Fwp%2Fv2%2Fcategories&post=28624"},{"taxonomy":"post_tag","embeddable":true,"href":"https:\/\/zonaroja.com.mx\/index.php?rest_route=%2Fwp%2Fv2%2Ftags&post=28624"}],"curies":[{"name":"wp","href":"https:\/\/api.w.org\/{rel}","templated":true}]}}