{"id":28627,"date":"2021-06-16T14:57:01","date_gmt":"2021-06-16T19:57:01","guid":{"rendered":"http:\/\/www.zonaroja.com.mx\/?p=28627"},"modified":"2021-06-16T14:57:20","modified_gmt":"2021-06-16T19:57:20","slug":"jubilados-del-municipio-de-oaxaca-denuncian-falta-de-pagos-y-desatencion-de-edil","status":"publish","type":"post","link":"https:\/\/zonaroja.com.mx\/?p=28627","title":{"rendered":"Jubilados del municipio de Oaxaca denuncian falta de pagos y desatenci\u00f3n de edil"},"content":{"rendered":"\n<p>Evlin Arag\u00f3n\/Zona Roja.<\/p>\n\n\n\n<p>Oaxaca de Ju\u00e1rez, Oax., 16 de junio de 2021.- Integrantes de la Uni\u00f3n de Jubilados, Pensionados y Pensionistas del Municipio de Oaxaca de Ju\u00e1rez se manifestaron este mi\u00e9rcoles a las afueras de la sede del ayuntamiento capitalino para exigir una audiencia con el edil, Oswaldo Garc\u00eda Jarqu\u00edn, y evidenciar los adeudos pendientes.&nbsp;<\/p>\n\n\n\n<p>De acuerdo con Jorge Mel\u00e9ndez L\u00f3pez, presidente de la uni\u00f3n, est\u00e1 pendiente el finiquito de los compa\u00f1eros que, tras prestar sus servicios por m\u00e1s de 30 a\u00f1os en el ayuntamiento, no les han cubiertos sus pagos desde hace tres a\u00f1os, a pesar de que se trata de un derecho laboral.&nbsp;<\/p>\n\n\n\n<p>Record\u00f3 que la problem\u00e1tica en materia de pensiones afecta a los cuatro sindicatos al interior del municipio, principalmente al personal que ya cumpli\u00f3 con 25, 30 y hasta 40 a\u00f1os de servicio y que se gan\u00f3 su derecho a recibir un finiquito y una pensi\u00f3n como lo marca la ley.&nbsp;<\/p>\n\n\n\n<p>\u201cNosotros como jubilados y pensionados ya deber\u00edamos de estar descansando, no estar aqu\u00ed reclamando derechos que por ley nos corresponden debido a los a\u00f1os de servicio brindado\u201d, indic\u00f3.&nbsp;&nbsp;<\/p>\n\n\n\n<p>Tambi\u00e9n explic\u00f3 que son entre 20 y 25 compa\u00f1eros lo que se encuentran en una complicada situaci\u00f3n, al no contar con su finiquito y mucho menos los pagos correspondientes a su pensi\u00f3n.&nbsp;<\/p>\n\n\n\n<p>Sin embargo, denunci\u00f3 que la autoridad municipal se ha negado a recibirlos y escuchar sus demandas, pese a que mediante oficio solicitaron una audiencia el pasado 23 de abril, al cual no se ha dado respuesta, situaci\u00f3n que motivo a que hicieran presencia este mi\u00e9rcoles en el ayuntamiento.&nbsp;<\/p>\n\n\n\n<p>Detall\u00f3 que el pretexto de los \u00faltimos meses ha sido la pandemia, ya que no existe servicio al p\u00fablico debido a la contingencia, adem\u00e1s de la crisis que se viene arrastrando en el fondo de pensiones, de lo cual no tiene ninguna responsabilidad la base trabajadora.&nbsp;&nbsp;<\/p>\n\n\n\n<p>\u201cEl recurso como siempre es negado, eso no es de ahorita. Las administraciones anteriores ya hablaban de un desfalco en el fondo de pensiones el cual no se ha aclarado hasta la fecha\u201d, dijo.&nbsp;<\/p>\n\n\n\n<p>En este sentido, Mel\u00e9ndez L\u00f3pez asegur\u00f3 que aunque existiera el desfalco, la autoridad municipal est\u00e1 obligada a cumplir con los pagos de sus trabajadores, incluidos los jubilados y pensionados, quienes ya sirvieron por muchos a\u00f1os a la autoridad local.&nbsp;<\/p>\n\n\n\n<p>Ello sin nombrar las prestaciones en la que se han visto afectados, debido a la falta de atenci\u00f3n por parte de las autoridades que ni siquiera se toma la molestia de recibirlos y escuchar sus inquietudes.&nbsp;<\/p>\n","protected":false},"excerpt":{"rendered":"<p>Evlin Arag\u00f3n\/Zona Roja. Oaxaca de Ju\u00e1rez, Oax., 16 de junio de 2021.- Integrantes de la&hellip;<\/p>\n","protected":false},"author":2,"featured_media":28628,"comment_status":"closed","ping_status":"open","sticky":false,"template":"","format":"standard","meta":{"_lmt_disableupdate":"","_lmt_disable":"","_jetpack_memberships_contains_paid_content":false,"footnotes":""},"categories":[109,47],"tags":[2748,2747],"class_list":["post-28627","post","type-post","status-publish","format-standard","has-post-thumbnail","hentry","category-minuto-a-minuto","category-zona-gris","tag-pensionados-y-pensionistas-oaxaca-de-juarez","tag-union-de-jubilados"],"jetpack_featured_media_url":"https:\/\/zonaroja.com.mx\/wp-content\/uploads\/2021\/06\/Protesta-de-Union-de-Jubilados-capital.jpg","jetpack_sharing_enabled":true,"_links":{"self":[{"href":"https:\/\/zonaroja.com.mx\/index.php?rest_route=\/wp\/v2\/posts\/28627","targetHints":{"allow":["GET"]}}],"collection":[{"href":"https:\/\/zonaroja.com.mx\/index.php?rest_route=\/wp\/v2\/posts"}],"about":[{"href":"https:\/\/zonaroja.com.mx\/index.php?rest_route=\/wp\/v2\/types\/post"}],"author":[{"embeddable":true,"href":"https:\/\/zonaroja.com.mx\/index.php?rest_route=\/wp\/v2\/users\/2"}],"replies":[{"embeddable":true,"href":"https:\/\/zonaroja.com.mx\/index.php?rest_route=%2Fwp%2Fv2%2Fcomments&post=28627"}],"version-history":[{"count":1,"href":"https:\/\/zonaroja.com.mx\/index.php?rest_route=\/wp\/v2\/posts\/28627\/revisions"}],"predecessor-version":[{"id":28629,"href":"https:\/\/zonaroja.com.mx\/index.php?rest_route=\/wp\/v2\/posts\/28627\/revisions\/28629"}],"wp:featuredmedia":[{"embeddable":true,"href":"https:\/\/zonaroja.com.mx\/index.php?rest_route=\/wp\/v2\/media\/28628"}],"wp:attachment":[{"href":"https:\/\/zonaroja.com.mx\/index.php?rest_route=%2Fwp%2Fv2%2Fmedia&parent=28627"}],"wp:term":[{"taxonomy":"category","embeddable":true,"href":"https:\/\/zonaroja.com.mx\/index.php?rest_route=%2Fwp%2Fv2%2Fcategories&post=28627"},{"taxonomy":"post_tag","embeddable":true,"href":"https:\/\/zonaroja.com.mx\/index.php?rest_route=%2Fwp%2Fv2%2Ftags&post=28627"}],"curies":[{"name":"wp","href":"https:\/\/api.w.org\/{rel}","templated":true}]}}