{"id":28631,"date":"2021-06-16T20:23:57","date_gmt":"2021-06-17T01:23:57","guid":{"rendered":"http:\/\/www.zonaroja.com.mx\/?p=28631"},"modified":"2021-06-16T20:24:01","modified_gmt":"2021-06-17T01:24:01","slug":"movimiento-nacional-ruta-5-promovera-consultas-propuestas-por-amlo","status":"publish","type":"post","link":"https:\/\/zonaroja.com.mx\/?p=28631","title":{"rendered":"Movimiento Nacional \u201cRuta 5\u201d promover\u00e1 consultas propuestas por AMLO"},"content":{"rendered":"\n<p>Redacci\u00f3n\/Zona Roja.<\/p>\n\n\n\n<p>Oaxaca de Ju\u00e1rez, Oax., 16 de junio de 2021.- Mauricio Chevalier Candiani, representante de J\u00f3venes \u201cRuta 5\u201d Oaxaca, asisti\u00f3 a la Asamblea Nacional del Movimiento Nacional coordinado por Manuel Espino, en la que se acord\u00f3 promover la participaci\u00f3n ciudadana en la consulta popular para enjuiciar a los expresidentes de la Rep\u00fablica.<\/p>\n\n\n\n<p>En la asamblea tambi\u00e9n se convino promover el refer\u00e9ndum para ratificar al Presidente de M\u00e9xico, Andr\u00e9s Manuel L\u00f3pez Obrador, en su m\u00e1xima encomienda al frente del gobierno del pa\u00eds.<\/p>\n\n\n\n<p>Mauricio Chevalier explic\u00f3 que la decisi\u00f3n de apoyar las consultas promovidas por el presidente L\u00f3pez Obrador se tom\u00f3 a trav\u00e9s de una votaci\u00f3n democr\u00e1tica, en la reuni\u00f3n celebrada el pasado domingo en la Ciudad de M\u00e9xico y a la que acudieron representantes de todos los estados de la rep\u00fablica.<\/p>\n\n\n\n<p>Asimismo, dijo, en esta reuni\u00f3n nacional se hizo el recuento de las diputaciones, alcald\u00edas y regidur\u00edas ganadas en diversos estados del pa\u00eds por candidatos apoyados por \u201cRuta 5\u201d.<\/p>\n\n\n\n<p>El representante de J\u00f3venes \u201cRuta 5\u201d Oaxaca agreg\u00f3 que ante los excelentes resultados obtenidos en la jornada electoral del pasado 6 de junio, los asamble\u00edstas votaron participar en las elecciones locales 2022 y 2023 apoyando candidatos que cumplan con el gran objetivo de este movimiento: llevar a las y los mejores al gobierno, independientemente de partidos o ideolog\u00edas.<\/p>\n\n\n\n<p>De la misma forma y potenciando estos logros electorales, se anunci\u00f3 el redimensionamiento de \u201cRuta 5\u201d, a fin de llevar el movimiento a un nivel superior de posicionamiento, de desarrollo estructural, de institucionalizaci\u00f3n, de financiamiento y de expansi\u00f3n internacional.<\/p>\n\n\n\n<figure class=\"wp-block-image size-large\"><img decoding=\"async\" width=\"1024\" height=\"768\" src=\"http:\/\/www.zonaroja.com.mx\/wp-content\/uploads\/2021\/06\/Asamblea-Ruta-5-1024x768.jpg\" alt=\"\" class=\"wp-image-28633\" srcset=\"https:\/\/zonaroja.com.mx\/wp-content\/uploads\/2021\/06\/Asamblea-Ruta-5-1024x768.jpg 1024w, https:\/\/zonaroja.com.mx\/wp-content\/uploads\/2021\/06\/Asamblea-Ruta-5-300x225.jpg 300w, https:\/\/zonaroja.com.mx\/wp-content\/uploads\/2021\/06\/Asamblea-Ruta-5-768x576.jpg 768w, https:\/\/zonaroja.com.mx\/wp-content\/uploads\/2021\/06\/Asamblea-Ruta-5-1170x878.jpg 1170w, https:\/\/zonaroja.com.mx\/wp-content\/uploads\/2021\/06\/Asamblea-Ruta-5-585x439.jpg 585w, https:\/\/zonaroja.com.mx\/wp-content\/uploads\/2021\/06\/Asamblea-Ruta-5.jpg 1280w\" sizes=\"(max-width: 1024px) 100vw, 1024px\" \/><\/figure>\n\n\n\n<p>Este redimensionamiento ser\u00e1 encabezado por Francisco Chavira, Secretario General; Demetrio Rom\u00e1n y Pilar Guill\u00e9n, secretarios generales adjuntos; Juan Manuel Nolasco, Coordinador del Consejo Pol\u00edtico Nacional, y Yaralin Romero Pantoja, Coordinadora de la Comisi\u00f3n para crear la Fundaci\u00f3n Subsidiaria.<\/p>\n\n\n\n<p>As\u00ed como:<\/p>\n\n\n\n<p>Joaqu\u00edn Navarro, Coordinador Regi\u00f3n 1;<\/p>\n\n\n\n<p>Lauro Cordero, Coordinador Regi\u00f3n 2;<\/p>\n\n\n\n<p>Juan Noel Romero, Coordinador Regi\u00f3n 3;<\/p>\n\n\n\n<p>Esmeralda Cort\u00e9s, Coordinadora Regi\u00f3n 4;<\/p>\n\n\n\n<p>Karla Guti\u00e9rrez, Coordinadora Regi\u00f3n 5;<\/p>\n\n\n\n<p>Allam Alba, Coordinador Regi\u00f3n 6;<\/p>\n\n\n\n<p>Alejandro Devaux, Coordinador Regi\u00f3n 7;<\/p>\n\n\n\n<p>Cristina Rodr\u00edguez, Coordinadora Regi\u00f3n 8;<\/p>\n\n\n\n<p>Enrique Navarro, Secretario de Estrategia Electoral;<\/p>\n\n\n\n<p>Jes\u00fas Guti\u00e9rrez, Secretario de Organizaci\u00f3n;<\/p>\n\n\n\n<p>Jes\u00fas Paredes, Secretario de Capacitaci\u00f3n;<\/p>\n\n\n\n<p>Leslie Staines, Secretaria de Vinculaci\u00f3n Empresarial;<\/p>\n\n\n\n<p>Alfredo P\u00e9rez, Secretario de Vinculaci\u00f3n Gubernamental;<\/p>\n\n\n\n<p>Arturo Barraza, Secretario de Vinculaci\u00f3n con Organizaciones Sociales;<\/p>\n\n\n\n<p>Carlos Sarabia, Secretario de Vinculaci\u00f3n con las Fuerzas Armadas;<\/p>\n\n\n\n<p>Darien Anwar, Secretario de Gesti\u00f3n Social;<\/p>\n\n\n\n<p>Rodolfo Borges, Secretario de Asuntos Jur\u00eddicos;<\/p>\n\n\n\n<p>David Flores, Secretario de Comunicaci\u00f3n;<\/p>\n\n\n\n<p>Alejandra Manzanilla, Secretaria de Afiliaci\u00f3n;<\/p>\n\n\n\n<p>Javier Soberano, Secretario de An\u00e1lisis Pol\u00edtico;<\/p>\n\n\n\n<p>Favio Castellanos, Secretario de Empoderamiento de los J\u00f3venes;<\/p>\n\n\n\n<p>Edith Cervantes, Secretaria de Empoderamiento de las Mujeres;<\/p>\n\n\n\n<p>Irma Amaya, Secretaria de Apoyo a Migrantes;<\/p>\n\n\n\n<p>Jeanette Mois\u00e9s, Secretaria de Vinculaci\u00f3n Internacional y<\/p>\n\n\n\n<p>Brenda Yasbeth Moreno, Secretaria T\u00e9cnica de la Coordinaci\u00f3n Nacional.<\/p>\n","protected":false},"excerpt":{"rendered":"<p>Redacci\u00f3n\/Zona Roja. Oaxaca de Ju\u00e1rez, Oax., 16 de junio de 2021.- Mauricio Chevalier Candiani, representante&hellip;<\/p>\n","protected":false},"author":2,"featured_media":28632,"comment_status":"closed","ping_status":"open","sticky":false,"template":"","format":"standard","meta":{"_lmt_disableupdate":"","_lmt_disable":"","_jetpack_memberships_contains_paid_content":false,"footnotes":""},"categories":[109,46],"tags":[2488],"class_list":["post-28631","post","type-post","status-publish","format-standard","has-post-thumbnail","hentry","category-minuto-a-minuto","category-zona-blanca","tag-ruta-cinco-oaxaca"],"jetpack_featured_media_url":"https:\/\/zonaroja.com.mx\/wp-content\/uploads\/2021\/06\/Ruta-5.jpg","jetpack_sharing_enabled":true,"_links":{"self":[{"href":"https:\/\/zonaroja.com.mx\/index.php?rest_route=\/wp\/v2\/posts\/28631","targetHints":{"allow":["GET"]}}],"collection":[{"href":"https:\/\/zonaroja.com.mx\/index.php?rest_route=\/wp\/v2\/posts"}],"about":[{"href":"https:\/\/zonaroja.com.mx\/index.php?rest_route=\/wp\/v2\/types\/post"}],"author":[{"embeddable":true,"href":"https:\/\/zonaroja.com.mx\/index.php?rest_route=\/wp\/v2\/users\/2"}],"replies":[{"embeddable":true,"href":"https:\/\/zonaroja.com.mx\/index.php?rest_route=%2Fwp%2Fv2%2Fcomments&post=28631"}],"version-history":[{"count":1,"href":"https:\/\/zonaroja.com.mx\/index.php?rest_route=\/wp\/v2\/posts\/28631\/revisions"}],"predecessor-version":[{"id":28634,"href":"https:\/\/zonaroja.com.mx\/index.php?rest_route=\/wp\/v2\/posts\/28631\/revisions\/28634"}],"wp:featuredmedia":[{"embeddable":true,"href":"https:\/\/zonaroja.com.mx\/index.php?rest_route=\/wp\/v2\/media\/28632"}],"wp:attachment":[{"href":"https:\/\/zonaroja.com.mx\/index.php?rest_route=%2Fwp%2Fv2%2Fmedia&parent=28631"}],"wp:term":[{"taxonomy":"category","embeddable":true,"href":"https:\/\/zonaroja.com.mx\/index.php?rest_route=%2Fwp%2Fv2%2Fcategories&post=28631"},{"taxonomy":"post_tag","embeddable":true,"href":"https:\/\/zonaroja.com.mx\/index.php?rest_route=%2Fwp%2Fv2%2Ftags&post=28631"}],"curies":[{"name":"wp","href":"https:\/\/api.w.org\/{rel}","templated":true}]}}