{"id":28639,"date":"2021-06-16T22:02:43","date_gmt":"2021-06-17T03:02:43","guid":{"rendered":"http:\/\/www.zonaroja.com.mx\/?p=28639"},"modified":"2021-06-16T22:02:46","modified_gmt":"2021-06-17T03:02:46","slug":"demanda-diputada-al-gobernador-detener-violencia-feminicida-e-impunidad","status":"publish","type":"post","link":"https:\/\/zonaroja.com.mx\/?p=28639","title":{"rendered":"Demanda diputada al gobernador detener violencia feminicida e impunidad"},"content":{"rendered":"\n<p>Redacci\u00f3n\/Zona Roja.<\/p>\n\n\n\n<p>Oaxaca de Ju\u00e1rez, Oax., 16 de junio de 2021.&nbsp; La diputada por Morena, Magaly L\u00f3pez Dom\u00ednguez, exhort\u00f3 al gobernador Alejandro Murat Hinojosa a instrumentar de manera urgente acciones que detengan la violencia feminicida en el estado; a la fecha suman 528 feminicidios durante su gobierno.<\/p>\n\n\n\n<p>La anterior cifra de acuerdo con Consorcio para el Di\u00e1logo Parlamentario y Equidad de G\u00e9nero, organizaci\u00f3n que ha denunciado p\u00fablicamente las nulas acciones por parte del Ejecutivo estatal.<\/p>\n\n\n\n<p>La legisladora solicit\u00f3 que el gobierno de Oaxaca establezca de inmediato una pol\u00edtica transversal e integral, para la prevenci\u00f3n y atenci\u00f3n de la violencia de g\u00e9nero contra las mujeres y separe de sus funciones a las y los servidores p\u00fablicos que no est\u00e9n cumpliendo con sus obligaciones de garantizar la vida y la seguridad de las mujeres.<\/p>\n\n\n\n<p>En su propuesta, L\u00f3pez Dom\u00ednguez tambi\u00e9n pide al mandatario estatal que instruya a quien considere pertinente de su gabinete, para que comparezca ante el pleno de esta soberan\u00eda, con el objetivo de que explique, sobre las acciones realizadas de pol\u00edtica transversal, \u201cigualdad de g\u00e9nero\u201d y el destino de los recursos, etiquetados para ello durante el Ejercicio Fiscal 2020.<\/p>\n\n\n\n<p>En este tenor, la diputada Magaly L\u00f3pez Dom\u00ednguez, solicit\u00f3 al Fiscal General del Estado de Oaxaca, Arturo Peimbert Calvo, iniciar los procesos de investigaci\u00f3n de todas las muertes de mujeres desde la perspectiva de g\u00e9nero y bajo la presunci\u00f3n de feminicidio.<\/p>\n\n\n\n<figure class=\"wp-block-embed-twitter wp-block-embed is-type-rich is-provider-twitter\"><div class=\"wp-block-embed__wrapper\">\n<div class=\"twitter-tweet\"><blockquote class=\"twitter-tweet\" data-lang=\"es\"><p lang=\"es\" dir=\"ltr\">En la sesi\u00f3n de la Diputaci\u00f3n Permanente de hoy, la diputada <a href=\"https:\/\/twitter.com\/Magaly_LopezOax?ref_src=twsrc%5Etfw\">@Magaly_LopezOax<\/a> reproch\u00f3 los nulos avances en el combate al feminicidio y en las investigaciones. <br>Demand\u00f3 la comparecencia de funcionarios para que informen al Legislativo. <a href=\"https:\/\/t.co\/moDEFfedI1\">pic.twitter.com\/moDEFfedI1<\/a><\/p>&mdash; Zona Roja Oaxaca (@Zona_Roja_Oax) <a href=\"https:\/\/twitter.com\/Zona_Roja_Oax\/status\/1405291639245996032?ref_src=twsrc%5Etfw\">16 de junio de 2021<\/a><\/blockquote><\/div>\n<\/div><\/figure>\n\n\n\n<p>De igual forma, le pide al titular de la Fiscal\u00eda de Oaxaca, cumplir con la ley y establecer un mecanismo permanente, para la emisi\u00f3n y seguimiento de \u00f3rdenes de protecci\u00f3n, que permitan identificar, atender y proteger, desde el primer momento a las mujeres que viven violencia.<\/p>\n\n\n\n<p>La legisladora se\u00f1al\u00f3 que uno de los principales problemas que enfrentan las mujeres en situaci\u00f3n de violencia, es la negaci\u00f3n de \u00f3rdenes de aprehensi\u00f3n por parte de la FGEO. Detall\u00f3 que, de acuerdo a cifras de Consorcio Oaxaca, de 17 casos que acompa\u00f1\u00f3 en 2020, siete fueron negadas.<\/p>\n\n\n\n<p>A dicho problema se agrega, dijo, el que representa la poca vigencia de las \u00f3rdenes de protecci\u00f3n, que se dictan por un periodo limitado, cuando de acuerdo al marco legal, deber\u00edan estar vigentes por todo el periodo de riesgo.<\/p>\n\n\n\n<p>El exhorto legislativo, recibido por la Diputaci\u00f3n Permanente, fue turnado a la comisi\u00f3n correspondiente para su an\u00e1lisis y dictamen.<\/p>\n","protected":false},"excerpt":{"rendered":"<p>Redacci\u00f3n\/Zona Roja. Oaxaca de Ju\u00e1rez, Oax., 16 de junio de 2021.&nbsp; La diputada por Morena,&hellip;<\/p>\n","protected":false},"author":2,"featured_media":28640,"comment_status":"closed","ping_status":"open","sticky":false,"template":"","format":"standard","meta":{"_lmt_disableupdate":"","_lmt_disable":"","_jetpack_memberships_contains_paid_content":false,"footnotes":""},"categories":[109,46],"tags":[192],"class_list":["post-28639","post","type-post","status-publish","format-standard","has-post-thumbnail","hentry","category-minuto-a-minuto","category-zona-blanca","tag-diputada-magaly-lopez-dominguez"],"jetpack_featured_media_url":"https:\/\/zonaroja.com.mx\/wp-content\/uploads\/2021\/06\/MagalyLopezOaxaca.jpeg","jetpack_sharing_enabled":true,"_links":{"self":[{"href":"https:\/\/zonaroja.com.mx\/index.php?rest_route=\/wp\/v2\/posts\/28639","targetHints":{"allow":["GET"]}}],"collection":[{"href":"https:\/\/zonaroja.com.mx\/index.php?rest_route=\/wp\/v2\/posts"}],"about":[{"href":"https:\/\/zonaroja.com.mx\/index.php?rest_route=\/wp\/v2\/types\/post"}],"author":[{"embeddable":true,"href":"https:\/\/zonaroja.com.mx\/index.php?rest_route=\/wp\/v2\/users\/2"}],"replies":[{"embeddable":true,"href":"https:\/\/zonaroja.com.mx\/index.php?rest_route=%2Fwp%2Fv2%2Fcomments&post=28639"}],"version-history":[{"count":1,"href":"https:\/\/zonaroja.com.mx\/index.php?rest_route=\/wp\/v2\/posts\/28639\/revisions"}],"predecessor-version":[{"id":28641,"href":"https:\/\/zonaroja.com.mx\/index.php?rest_route=\/wp\/v2\/posts\/28639\/revisions\/28641"}],"wp:featuredmedia":[{"embeddable":true,"href":"https:\/\/zonaroja.com.mx\/index.php?rest_route=\/wp\/v2\/media\/28640"}],"wp:attachment":[{"href":"https:\/\/zonaroja.com.mx\/index.php?rest_route=%2Fwp%2Fv2%2Fmedia&parent=28639"}],"wp:term":[{"taxonomy":"category","embeddable":true,"href":"https:\/\/zonaroja.com.mx\/index.php?rest_route=%2Fwp%2Fv2%2Fcategories&post=28639"},{"taxonomy":"post_tag","embeddable":true,"href":"https:\/\/zonaroja.com.mx\/index.php?rest_route=%2Fwp%2Fv2%2Ftags&post=28639"}],"curies":[{"name":"wp","href":"https:\/\/api.w.org\/{rel}","templated":true}]}}