{"id":28645,"date":"2021-06-18T11:00:31","date_gmt":"2021-06-18T16:00:31","guid":{"rendered":"http:\/\/www.zonaroja.com.mx\/?p=28645"},"modified":"2021-06-17T07:14:37","modified_gmt":"2021-06-17T12:14:37","slug":"opinion-las-lecciones-que-nos-deja-el-triunfo-de-samuel-garcia-quadri-y-margarita-zavala","status":"publish","type":"post","link":"https:\/\/zonaroja.com.mx\/?p=28645","title":{"rendered":"Opini\u00f3n. Las lecciones que nos deja el triunfo de Samuel Garc\u00eda, Quadri y Margarita Zavala"},"content":{"rendered":"\n<p>Porfirio Flores*<\/p>\n\n\n\n<p>\u00bfQu\u00e9 lecci\u00f3n nos dejaron los comicios de hace unos d\u00edas en M\u00e9xico? Muchas, pero me concentro en personajes que triunfaron sobre los candidatos del partido gobernante. Muchos no logran explicar c\u00f3mo un personaje con tantos claroscuros como el hoy gobernador electo de Nuevo Le\u00f3n, Samuel Garc\u00eda lleg\u00f3 al gobierno estatal.<\/p>\n\n\n\n<p>Sus exabruptos, su misoginia, su permanente burla por las clases marginadas y su confirmada posici\u00f3n de privilegio ante la vida, que no tiene nada de malo, siempre y cuando con ella no se estigmatice, dieron mucho de qu\u00e9 hablar.<\/p>\n\n\n\n<p>La raz\u00f3n de su triunfo es sencilla: hay un segmento de la poblaci\u00f3n exasperada con la Cuarta Transformaci\u00f3n, a quienes no les importa ni la persona, ni sus propuestas y muchos menos su trayectoria con tal de hacer visible y patente su molestia con el lopezobradorismo. Ellos sufragaron solo por ir en contra. Es penoso decirlo, pero fue un voto con el h\u00edgado.<\/p>\n\n\n\n<p>En ese mismo escenario se presenta el caso de Gabriel Quadri que derrot\u00f3 a Pablo G\u00f3mez, que es no solo&nbsp; uno de los mejores cuadros del morenismo, sino un parlamentario de larga carrera y gran experiencia. En la Ciudad de M\u00e9xico la dirigencia del Movimiento de Regeneraci\u00f3n Nacional sigue cuestion\u00e1ndose qu\u00e9 fall\u00f3.<\/p>\n\n\n\n<p>Quadri, quien dijo que los estados de Guerrero, Chiapas y Oaxaca le cuestan mucho al pa\u00eds y no aportan nada, de tal manera que ser\u00eda bueno segregarlos de la Federaci\u00f3n, gan\u00f3 y de qu\u00e9 manera, pero es evidente que quienes votaron por \u00e9l lo hicieron bajo la misma t\u00f3nica que los electores de Nuevo Le\u00f3n: molestia y fastidio con el partido en el poder.<\/p>\n\n\n\n<p>Aplica lo mismo con Margarita Zavala. No es que de la noche a la ma\u00f1ana la gente haya olvidado la clase de gobierno que Calder\u00f3n y ella encabezaron, no. Lo que ocurre es que los electores votaron solo para descargar su ira y fastidio con AMLO. Zavala no tiene ni agenda ni propuestas, pero ah\u00ed est\u00e1, es diputada federal electa.<\/p>\n\n\n\n<p>Es equivocado pensar que Samuel Garc\u00eda, Quadri y Zavala llegaron por sus ideas o su carisma. No. Ellos ganaron tan solo por aquellos que con su voto expresaron su fastidio. Esto abre un escenario que debe preocupar seriamente a Morena. Algunos dir\u00e1n que fue el mismo fen\u00f3meno de AMLO, pero esto es distinto porque los tiempos est\u00e1n cambiando. La polarizaci\u00f3n ha alcanzado otro nivel.<\/p>\n\n\n\n<p>De ampliarse el margen de personas que se sientan agraviadas con las pol\u00edticas del gobierno respecto a temas tan sensibles como el aborto y la familia, M\u00e9xico puede tener un presidente electo no por raz\u00f3n, sino por resentimiento, donde no importe si tiene propuestas o trayectoria como ocurri\u00f3 en Estados Unidos con Donald Trump y en Brasil con Bolsonaro.<\/p>\n\n\n\n<p>*Abogado y periodista.<\/p>\n","protected":false},"excerpt":{"rendered":"<p>Porfirio Flores* \u00bfQu\u00e9 lecci\u00f3n nos dejaron los comicios de hace unos d\u00edas en M\u00e9xico? Muchas,&hellip;<\/p>\n","protected":false},"author":2,"featured_media":25176,"comment_status":"closed","ping_status":"open","sticky":false,"template":"","format":"standard","meta":{"_lmt_disableupdate":"","_lmt_disable":"","_jetpack_memberships_contains_paid_content":false,"footnotes":""},"categories":[456,109],"tags":[2515],"class_list":["post-28645","post","type-post","status-publish","format-standard","has-post-thumbnail","hentry","category-columna","category-minuto-a-minuto","tag-porfirio-flores-zuniga"],"jetpack_featured_media_url":"https:\/\/zonaroja.com.mx\/wp-content\/uploads\/2021\/03\/Porfirio-Flores-Zuniga.png","jetpack_sharing_enabled":true,"_links":{"self":[{"href":"https:\/\/zonaroja.com.mx\/index.php?rest_route=\/wp\/v2\/posts\/28645","targetHints":{"allow":["GET"]}}],"collection":[{"href":"https:\/\/zonaroja.com.mx\/index.php?rest_route=\/wp\/v2\/posts"}],"about":[{"href":"https:\/\/zonaroja.com.mx\/index.php?rest_route=\/wp\/v2\/types\/post"}],"author":[{"embeddable":true,"href":"https:\/\/zonaroja.com.mx\/index.php?rest_route=\/wp\/v2\/users\/2"}],"replies":[{"embeddable":true,"href":"https:\/\/zonaroja.com.mx\/index.php?rest_route=%2Fwp%2Fv2%2Fcomments&post=28645"}],"version-history":[{"count":1,"href":"https:\/\/zonaroja.com.mx\/index.php?rest_route=\/wp\/v2\/posts\/28645\/revisions"}],"predecessor-version":[{"id":28646,"href":"https:\/\/zonaroja.com.mx\/index.php?rest_route=\/wp\/v2\/posts\/28645\/revisions\/28646"}],"wp:featuredmedia":[{"embeddable":true,"href":"https:\/\/zonaroja.com.mx\/index.php?rest_route=\/wp\/v2\/media\/25176"}],"wp:attachment":[{"href":"https:\/\/zonaroja.com.mx\/index.php?rest_route=%2Fwp%2Fv2%2Fmedia&parent=28645"}],"wp:term":[{"taxonomy":"category","embeddable":true,"href":"https:\/\/zonaroja.com.mx\/index.php?rest_route=%2Fwp%2Fv2%2Fcategories&post=28645"},{"taxonomy":"post_tag","embeddable":true,"href":"https:\/\/zonaroja.com.mx\/index.php?rest_route=%2Fwp%2Fv2%2Ftags&post=28645"}],"curies":[{"name":"wp","href":"https:\/\/api.w.org\/{rel}","templated":true}]}}