{"id":28647,"date":"2021-06-17T07:22:08","date_gmt":"2021-06-17T12:22:08","guid":{"rendered":"http:\/\/www.zonaroja.com.mx\/?p=28647"},"modified":"2021-06-17T07:23:05","modified_gmt":"2021-06-17T12:23:05","slug":"registro-oaxaca-el-miercoles-31-casos-positivos-a-covid-y-4-decesos","status":"publish","type":"post","link":"https:\/\/zonaroja.com.mx\/?p=28647","title":{"rendered":"Registr\u00f3 Oaxaca el mi\u00e9rcoles 31 casos positivos a Covid y 4 decesos"},"content":{"rendered":"\n<p>Redacci\u00f3n\/Zona Roja.<\/p>\n\n\n\n<p>Oaxaca de Ju\u00e1rez, Oax., 17 de junio de 2021.- Al corte epidemiol\u00f3gico de este mi\u00e9rcoles 16 de junio, los Servicios de Salud de Oaxaca (SSO) registraron 31 casos nuevos de Covid-19, sumando 47 mil 780 casos y tres mil 825 defunciones acumuladas.<\/p>\n\n\n\n<p>La dependencia detall\u00f3 en un comunicado que se han notificado 81 mil 227 casos, de los cuales 28 mil 557 han sido negativos, hay cuatro mil 890 sospechosos, 43 mil 735 se han recuperado, hay 220 casos activos.<\/p>\n\n\n\n<p>Se\u00f1al\u00f3 que en relaci\u00f3n al panorama Jurisdiccional, en Valles Centrales se tienen contabilizados 32 mil 311 casos confirmados y mil 908 defunciones, Istmo cuatro mil 257 casos confirmados y 684 fallecimientos, Tuxtepec dos mil 952 casos confirmados y 353 decesos, Costa dos mil 492 casos confirmados y 279 muertes, Mixteca cuatro mil 39 casos confirmados y 380 p\u00e9rdidas fatales, Sierra mil 729 casos confirmados y 221 defunciones.<\/p>\n\n\n\n<figure class=\"wp-block-embed-twitter wp-block-embed is-type-rich is-provider-twitter\"><div class=\"wp-block-embed__wrapper\">\n<div class=\"twitter-tweet\"><blockquote class=\"twitter-tweet\" data-lang=\"es\"><p lang=\"es\" dir=\"ltr\"><a href=\"https:\/\/twitter.com\/hashtag\/%C3%9AltimoMinuto?src=hash&amp;ref_src=twsrc%5Etfw\">#\u00daltimoMinuto<\/a><br>El estado de <a href=\"https:\/\/twitter.com\/hashtag\/Oaxaca?src=hash&amp;ref_src=twsrc%5Etfw\">#Oaxaca<\/a> registr\u00f3 este mi\u00e9rcoles cuatro fallecimientos por Covid-19, con lo que suman tres mil 825 decesos.<br>Asimismo 31 nuevos casos positivos, con lo que se acumula 47 mil 780 casos confirmados.<a href=\"https:\/\/twitter.com\/hashtag\/Qu%C3%A9dateEnCasa?src=hash&amp;ref_src=twsrc%5Etfw\">#Qu\u00e9dateEnCasa<\/a> <a href=\"https:\/\/t.co\/RtsaIBuXOl\">pic.twitter.com\/RtsaIBuXOl<\/a><\/p>&mdash; Zona Roja Oaxaca (@Zona_Roja_Oax) <a href=\"https:\/\/twitter.com\/Zona_Roja_Oax\/status\/1405336861338374147?ref_src=twsrc%5Etfw\">17 de junio de 2021<\/a><\/blockquote><\/div>\n<\/div><\/figure>\n\n\n\n<p>Detall\u00f3 que los 31 casos nuevos afectan a 20 municipios, siendo Oaxaca de Ju\u00e1rez el que registra seis casos positivos, seguido de Salina Cruz y Santo Domingo Ingenio con tres cada uno, Juchit\u00e1n de Zaragoza, San Antonio de la Cal, Santa Cruz Xoxocotl\u00e1n y Santo Domingo Tehuantepec dos casos cada uno, el resto un solo caso.<\/p>\n\n\n\n<p>De las tres mil 825 defunciones, dos mil 474 han sido hombres y mil 351 mujeres; los grupos de edad m\u00e1s afectados son el de 65 y m\u00e1s a\u00f1os con mil 826 decesos, 50 a 59 con 848, 60 a 64 con 552 respectivamente. Las comorbilidades asociadas son la hipertensi\u00f3n arterial, seguido de diabetes mellitus, obesidad e insuficiencia renal.<\/p>\n\n\n\n<p>Atilano Figueroa, dijo que en relaci\u00f3n a la ocupaci\u00f3n hospitalaria global este mi\u00e9rcoles es del 18.7%, la Jurisdicci\u00f3n Sanitaria uno Valles Centrales registra un 16.7% de camas ocupadas, Istmo 20%, Tuxtepec 28.6%, Costa 28.1%, Mixteca 14.3% y la Sierra 0%.<\/p>\n","protected":false},"excerpt":{"rendered":"<p>Redacci\u00f3n\/Zona Roja. Oaxaca de Ju\u00e1rez, Oax., 17 de junio de 2021.- Al corte epidemiol\u00f3gico de&hellip;<\/p>\n","protected":false},"author":2,"featured_media":28650,"comment_status":"closed","ping_status":"open","sticky":false,"template":"","format":"standard","meta":{"_lmt_disableupdate":"","_lmt_disable":"","_jetpack_memberships_contains_paid_content":false,"footnotes":""},"categories":[109,47],"tags":[1512],"class_list":["post-28647","post","type-post","status-publish","format-standard","has-post-thumbnail","hentry","category-minuto-a-minuto","category-zona-gris","tag-coronavirus-oaxaca"],"jetpack_featured_media_url":"https:\/\/zonaroja.com.mx\/wp-content\/uploads\/2021\/06\/SSO-2.jpg","jetpack_sharing_enabled":true,"_links":{"self":[{"href":"https:\/\/zonaroja.com.mx\/index.php?rest_route=\/wp\/v2\/posts\/28647","targetHints":{"allow":["GET"]}}],"collection":[{"href":"https:\/\/zonaroja.com.mx\/index.php?rest_route=\/wp\/v2\/posts"}],"about":[{"href":"https:\/\/zonaroja.com.mx\/index.php?rest_route=\/wp\/v2\/types\/post"}],"author":[{"embeddable":true,"href":"https:\/\/zonaroja.com.mx\/index.php?rest_route=\/wp\/v2\/users\/2"}],"replies":[{"embeddable":true,"href":"https:\/\/zonaroja.com.mx\/index.php?rest_route=%2Fwp%2Fv2%2Fcomments&post=28647"}],"version-history":[{"count":1,"href":"https:\/\/zonaroja.com.mx\/index.php?rest_route=\/wp\/v2\/posts\/28647\/revisions"}],"predecessor-version":[{"id":28649,"href":"https:\/\/zonaroja.com.mx\/index.php?rest_route=\/wp\/v2\/posts\/28647\/revisions\/28649"}],"wp:featuredmedia":[{"embeddable":true,"href":"https:\/\/zonaroja.com.mx\/index.php?rest_route=\/wp\/v2\/media\/28650"}],"wp:attachment":[{"href":"https:\/\/zonaroja.com.mx\/index.php?rest_route=%2Fwp%2Fv2%2Fmedia&parent=28647"}],"wp:term":[{"taxonomy":"category","embeddable":true,"href":"https:\/\/zonaroja.com.mx\/index.php?rest_route=%2Fwp%2Fv2%2Fcategories&post=28647"},{"taxonomy":"post_tag","embeddable":true,"href":"https:\/\/zonaroja.com.mx\/index.php?rest_route=%2Fwp%2Fv2%2Ftags&post=28647"}],"curies":[{"name":"wp","href":"https:\/\/api.w.org\/{rel}","templated":true}]}}