{"id":28657,"date":"2021-06-17T07:32:35","date_gmt":"2021-06-17T12:32:35","guid":{"rendered":"http:\/\/www.zonaroja.com.mx\/?p=28657"},"modified":"2021-06-17T07:32:37","modified_gmt":"2021-06-17T12:32:37","slug":"senadores-de-oposicion-presentan-accion-de-inconstitucionalidad-contra-ley-zaldivar","status":"publish","type":"post","link":"https:\/\/zonaroja.com.mx\/?p=28657","title":{"rendered":"Senadores de oposici\u00f3n presentan acci\u00f3n de inconstitucionalidad contra \u201cley Zald\u00edvar\u201d"},"content":{"rendered":"\n<p>Redacci\u00f3n\/Zona Roja Cdmx.<\/p>\n\n\n\n<p>Ciudad de M\u00e9xico, 17 de junio de 2021.- Senadores de la oposici\u00f3n presentaron este mi\u00e9rcoles una acci\u00f3n de inconstitucionalidad contra la ampliaci\u00f3n de la presidencia de la Suprema Corte de Justicia de la Naci\u00f3n (SCJN), de Arturo Zald\u00edvar, acusado de ser cercano al gobierno.<\/p>\n\n\n\n<p>Los opositores pidieron a la Suprema Corte declarar inconstitucional la \u201cley Zald\u00edvar\u201d, promulgada el 7 de junio pasado para extender la gesti\u00f3n del ministro presidente de 2022 a 2024, como ha respaldado el mandatario, Andr\u00e9s Manuel L\u00f3pez Obrador.<\/p>\n\n\n\n<p>\u201cProrrogar la duraci\u00f3n en el ejercicio del cargo de los servidores p\u00fablicos mencionados atenta directamente en contra del principio de divisi\u00f3n de poderes sobre el que se encuentra construido nuestro sistema constitucional\u201d, advirtieron los legisladores en un pronunciamiento.<\/p>\n\n\n\n<p>La reforma judicial, presentada por L\u00f3pez Obrador y Zald\u00edvar en 2020, se considera la \u201cm\u00e1s trascendental\u201d desde 1994 porque busca \u201ccombatir con mayor eficacia la corrupci\u00f3n, el nepotismo, la impunidad y el acoso sexual en el Poder Judicial\u201d, expresaron entonces el mandatario y el presidente del Supremo.<\/p>\n\n\n\n<p>Pero, durante su aprobaci\u00f3n en el Congreso en abril, los partidos aliados de L\u00f3pez Obrador introdujeron un inesperado art\u00edculo transitorio para ampliar la gesti\u00f3n de Zald\u00edvar \u201ccon el fin de implementar la reforma constitucional al Poder Judicial\u201d.<\/p>\n\n\n\n<p>En medio de la controversia, que ha alarmado a organizaciones internacionales de derechos humanos, Zald\u00edvar present\u00f3 este lunes una consulta extraordinaria para que sus compa\u00f1eros del pleno se pronuncien al respecto.<\/p>\n\n\n\n<p>A esta medida se suma ahora la acci\u00f3n de inconstitucionalidad promovidas por los opositores del Partido Acci\u00f3n Nacional (PAN), Partido Revolucionario Institucional (PRI), Partido de la Revoluci\u00f3n Democr\u00e1tica (PRD), y Movimiento Ciudadano (MC).<\/p>\n\n\n\n<p>\u201cLa minor\u00eda parlamentaria del Senado de la Rep\u00fablica promovente solicita que la acci\u00f3n de inconstitucionalidad presentada sea resuelta de manera preferente, o bien, en la misma sesi\u00f3n, de la que, en su caso, resuelva la consulta (de Zald\u00edvar)\u201d, expusieron.<\/p>\n\n\n\n<p>Los opositores han argumentado que la extensi\u00f3n del mandato de Zald\u00edvar violar\u00eda los art\u00edculos 97 y 100 de la Constituci\u00f3n, que impiden la reelecci\u00f3n del presidente de la SCJN y del Consejo de la Judicatura Federal (CJF).<\/p>\n\n\n\n<p>\u201cExceder la duraci\u00f3n establecida por la Constituci\u00f3n respecto al ejercicio de estos cargos, impacta a la independencia y autonom\u00eda judicial, eje central de cualquier Estado de derecho democr\u00e1tico\u201d, argumentaron.<\/p>\n\n\n\n<p>En tanto, el presidente L\u00f3pez Obrador ha insistido en que solo Zald\u00edvar puede realizar la \u201ctransformaci\u00f3n\u201d del Poder Judicial, al argumentar que existen ministros en la Corte que se \u201coponen a su proyecto\u201d.<\/p>\n\n\n\n<p>\u201cEl ministro Zald\u00edvar es el que re\u00fane las condiciones. Y, repito, son importantes las instituciones, pero el alma de las instituciones son los buenos servidores p\u00fablicos\u201d, justific\u00f3 este martes.<\/p>\n\n\n\n<p>(Informaci\u00f3n de Forbes y EFE)<\/p>\n","protected":false},"excerpt":{"rendered":"<p>Redacci\u00f3n\/Zona Roja Cdmx. Ciudad de M\u00e9xico, 17 de junio de 2021.- Senadores de la oposici\u00f3n&hellip;<\/p>\n","protected":false},"author":2,"featured_media":26253,"comment_status":"closed","ping_status":"open","sticky":false,"template":"","format":"standard","meta":{"_lmt_disableupdate":"","_lmt_disable":"","_jetpack_memberships_contains_paid_content":false,"footnotes":""},"categories":[109,47],"tags":[811],"class_list":["post-28657","post","type-post","status-publish","format-standard","has-post-thumbnail","hentry","category-minuto-a-minuto","category-zona-gris","tag-suprema-corte-de-justicia-de-la-nacion"],"jetpack_featured_media_url":"https:\/\/zonaroja.com.mx\/wp-content\/uploads\/2021\/04\/Arturo-Zaldivar.jpg","jetpack_sharing_enabled":true,"_links":{"self":[{"href":"https:\/\/zonaroja.com.mx\/index.php?rest_route=\/wp\/v2\/posts\/28657","targetHints":{"allow":["GET"]}}],"collection":[{"href":"https:\/\/zonaroja.com.mx\/index.php?rest_route=\/wp\/v2\/posts"}],"about":[{"href":"https:\/\/zonaroja.com.mx\/index.php?rest_route=\/wp\/v2\/types\/post"}],"author":[{"embeddable":true,"href":"https:\/\/zonaroja.com.mx\/index.php?rest_route=\/wp\/v2\/users\/2"}],"replies":[{"embeddable":true,"href":"https:\/\/zonaroja.com.mx\/index.php?rest_route=%2Fwp%2Fv2%2Fcomments&post=28657"}],"version-history":[{"count":1,"href":"https:\/\/zonaroja.com.mx\/index.php?rest_route=\/wp\/v2\/posts\/28657\/revisions"}],"predecessor-version":[{"id":28658,"href":"https:\/\/zonaroja.com.mx\/index.php?rest_route=\/wp\/v2\/posts\/28657\/revisions\/28658"}],"wp:featuredmedia":[{"embeddable":true,"href":"https:\/\/zonaroja.com.mx\/index.php?rest_route=\/wp\/v2\/media\/26253"}],"wp:attachment":[{"href":"https:\/\/zonaroja.com.mx\/index.php?rest_route=%2Fwp%2Fv2%2Fmedia&parent=28657"}],"wp:term":[{"taxonomy":"category","embeddable":true,"href":"https:\/\/zonaroja.com.mx\/index.php?rest_route=%2Fwp%2Fv2%2Fcategories&post=28657"},{"taxonomy":"post_tag","embeddable":true,"href":"https:\/\/zonaroja.com.mx\/index.php?rest_route=%2Fwp%2Fv2%2Ftags&post=28657"}],"curies":[{"name":"wp","href":"https:\/\/api.w.org\/{rel}","templated":true}]}}