{"id":28662,"date":"2021-06-17T08:16:33","date_gmt":"2021-06-17T13:16:33","guid":{"rendered":"http:\/\/www.zonaroja.com.mx\/?p=28662"},"modified":"2021-06-17T08:16:36","modified_gmt":"2021-06-17T13:16:36","slug":"registra-oaxaca-disminucion-en-casos-de-secuestro-este-ano-van-11","status":"publish","type":"post","link":"https:\/\/zonaroja.com.mx\/?p=28662","title":{"rendered":"Registra Oaxaca disminuci\u00f3n en casos de secuestro; este a\u00f1o van 11"},"content":{"rendered":"\n<p>Evlin Arag\u00f3n\/Zona Roja.<\/p>\n\n\n\n<p>Oaxaca de Ju\u00e1rez, Oax., 17 de junio de 2021.- El estado de Oaxaca registr\u00f3 11 secuestros de enero a mayo de este a\u00f1o, cifra por debajo de lo ocurrido en el mismo periodo de tiempo del a\u00f1o anterior.&nbsp;<\/p>\n\n\n\n<p>As\u00ed lo refiere el m\u00e1s reciente informe de la organizaci\u00f3n social Alto al Secuestro, la cual asegura que la incidencia delictiva en torno al secuestro disminuy\u00f3 15.3 por ciento en Oaxaca.&nbsp;<\/p>\n\n\n\n<p>En un comparativo presentado por la instancia se puede ver que, en los primeros cinco meses del 2020, las autoridades reportaron 13 casos: 2 en enero; 3 en febrero; 4 en marzo; 1 en abril; y tres en mayo.&nbsp;<\/p>\n\n\n\n<p>Mientras que en este 2021 se iniciaron 11 carpetas de investigaci\u00f3n: 2 en enero; 2 en febrero; 1 en marzo, 3 en abril y 3 m\u00e1s en mayo.&nbsp;<\/p>\n\n\n\n<p>Los 11 casos ubican a Oaxaca en la mitad de la tabla nacional, muy por debajo de entidades como Estado de M\u00e9xico, con 69 reportes; Veracruz, con 59; Jalisco, Sonora y Guanajuato, las tres con 21 reportes.&nbsp;<\/p>\n\n\n\n<p>Sin embargo, Durango no registr\u00f3 un solo caso durante estos cinco meses, lo que vali\u00f3 el reconocimiento por parte de Alto al Secuestro, mientras que entidades como Aguascalientes, Campeche y Colima registraron una tasa menor de incidencia delictiva.&nbsp;<\/p>\n\n\n\n<p>En el caso del Estado de M\u00e9xico, que registra un total de 69 secuestros en los primeros cinco meses del a\u00f1o, la cifra es menor a la que obtuvo en 2020, donde tuvo un cierre de 89 casos.&nbsp;<\/p>\n\n\n\n<p>Situaci\u00f3n similar a la que registra Veracruz que paso de 105 a 59 reportes de secuestro, cifras que reducen la incidencia delictiva en todo el pa\u00eds.&nbsp;<\/p>\n\n\n\n<p>De acuerdo con Alto al Secuestro, dicho delito presenta una disminuci\u00f3n del 37.6 por ciento en lo que va de la administraci\u00f3n actual, encabezada por Andr\u00e9s Manuel L\u00f3pez Obrador, en comparaci\u00f3n con el mismo periodo de Enrique Pe\u00f1a Nieto.&nbsp;<\/p>\n\n\n\n<p>Las cifras refieren 5 mil 849 casos de diciembre del 2012 a mayo del 2015 -durante la administraci\u00f3n pe\u00f1ista; y 3 mil 649 de diciembre del 2018 a mayo de 2021 -en lo que va del sexenio obradorista.<\/p>\n","protected":false},"excerpt":{"rendered":"<p>Evlin Arag\u00f3n\/Zona Roja. Oaxaca de Ju\u00e1rez, Oax., 17 de junio de 2021.- El estado de&hellip;<\/p>\n","protected":false},"author":2,"featured_media":2604,"comment_status":"closed","ping_status":"open","sticky":false,"template":"","format":"standard","meta":{"_lmt_disableupdate":"","_lmt_disable":"","_jetpack_memberships_contains_paid_content":false,"footnotes":""},"categories":[109,47],"tags":[2035],"class_list":["post-28662","post","type-post","status-publish","format-standard","has-post-thumbnail","hentry","category-minuto-a-minuto","category-zona-gris","tag-asociacion-alto-al-secuestro"],"jetpack_featured_media_url":"https:\/\/zonaroja.com.mx\/wp-content\/uploads\/2019\/07\/secuestro1.jpg","jetpack_sharing_enabled":true,"_links":{"self":[{"href":"https:\/\/zonaroja.com.mx\/index.php?rest_route=\/wp\/v2\/posts\/28662","targetHints":{"allow":["GET"]}}],"collection":[{"href":"https:\/\/zonaroja.com.mx\/index.php?rest_route=\/wp\/v2\/posts"}],"about":[{"href":"https:\/\/zonaroja.com.mx\/index.php?rest_route=\/wp\/v2\/types\/post"}],"author":[{"embeddable":true,"href":"https:\/\/zonaroja.com.mx\/index.php?rest_route=\/wp\/v2\/users\/2"}],"replies":[{"embeddable":true,"href":"https:\/\/zonaroja.com.mx\/index.php?rest_route=%2Fwp%2Fv2%2Fcomments&post=28662"}],"version-history":[{"count":1,"href":"https:\/\/zonaroja.com.mx\/index.php?rest_route=\/wp\/v2\/posts\/28662\/revisions"}],"predecessor-version":[{"id":28663,"href":"https:\/\/zonaroja.com.mx\/index.php?rest_route=\/wp\/v2\/posts\/28662\/revisions\/28663"}],"wp:featuredmedia":[{"embeddable":true,"href":"https:\/\/zonaroja.com.mx\/index.php?rest_route=\/wp\/v2\/media\/2604"}],"wp:attachment":[{"href":"https:\/\/zonaroja.com.mx\/index.php?rest_route=%2Fwp%2Fv2%2Fmedia&parent=28662"}],"wp:term":[{"taxonomy":"category","embeddable":true,"href":"https:\/\/zonaroja.com.mx\/index.php?rest_route=%2Fwp%2Fv2%2Fcategories&post=28662"},{"taxonomy":"post_tag","embeddable":true,"href":"https:\/\/zonaroja.com.mx\/index.php?rest_route=%2Fwp%2Fv2%2Ftags&post=28662"}],"curies":[{"name":"wp","href":"https:\/\/api.w.org\/{rel}","templated":true}]}}