{"id":28664,"date":"2021-06-17T08:56:07","date_gmt":"2021-06-17T13:56:07","guid":{"rendered":"http:\/\/www.zonaroja.com.mx\/?p=28664"},"modified":"2021-06-17T08:56:10","modified_gmt":"2021-06-17T13:56:10","slug":"luego-de-tres-dias-de-lluvias-gobierno-de-oaxaca-oculta-saldo-de-danos","status":"publish","type":"post","link":"https:\/\/zonaroja.com.mx\/?p=28664","title":{"rendered":"Luego de tres d\u00edas de lluvias, gobierno de Oaxaca oculta saldo de da\u00f1os"},"content":{"rendered":"\n<p>Redacci\u00f3n\/Zona Roja. Foto: Tinta Brava<\/p>\n\n\n\n<p>Oaxaca de Ju\u00e1rez, Oax., 17 de junio de 2021.- Luego de tres d\u00edas de intensas lluvias en distintas regiones del estado, con mayores afectaciones en el Istmo, el Gobierno del Estado de Oaxaca, a trav\u00e9s de la Coordinaci\u00f3n Estatal de Protecci\u00f3n Civil, oculta el saldo de los da\u00f1os.<\/p>\n\n\n\n<p>Tampoco hay cifras de las carreteras locales afectadas por deslaves y desgajamientos.<\/p>\n\n\n\n<p>Ciudad Ixtepec, San Blas Atempa y Juchit\u00e1n de Zaragoza son algunos municipios istme\u00f1os que han resentido el mayor impacto en anegaci\u00f3n de calles y viviendas.<\/p>\n\n\n\n<p>De acuerdo con al ayuntamiento de Juchit\u00e1n, son entre seis mil y ocho mil las viviendas afectadas, pero a\u00fan no tiene el n\u00famero preciso de da\u00f1os; ayer las calles luc\u00edas llenas de basura y residuos del drenaje, que colaps\u00f3.<\/p>\n\n\n\n<p>Mientras que Guevea de Humboldt report\u00f3 que la carretera local qued\u00f3 trozada a causa de las lluvias y deslaves, por lo cual qued\u00f3 incomunicado dicho municipio con una veintena de localidades y rancher\u00edas.<\/p>\n\n\n\n<figure class=\"wp-block-embed-twitter wp-block-embed is-type-rich is-provider-twitter\"><div class=\"wp-block-embed__wrapper\">\n<div class=\"twitter-tweet\"><blockquote class=\"twitter-tweet\" data-lang=\"es\"><p lang=\"es\" dir=\"ltr\"><a href=\"https:\/\/twitter.com\/hashtag\/%C3%9AltimoMinuto?src=hash&amp;ref_src=twsrc%5Etfw\">#\u00daltimoMinuto<\/a> <br>Entre basura, pestilencia de aguas negras, calles y viviendas inundadas, sobreviven miles de habitantes de Juchit\u00e1n de Zaragoza este mi\u00e9rcoles, a causa de las intensas lluvias. <br>\u00bfY el gobierno municipal de Emilio Montero? \u00bfY el <a href=\"https:\/\/twitter.com\/GobOax?ref_src=twsrc%5Etfw\">@goboax<\/a>? \u00bfY la <a href=\"https:\/\/twitter.com\/CEPCO_GobOax?ref_src=twsrc%5Etfw\">@CEPCO_GobOax<\/a>) <a href=\"https:\/\/t.co\/3B2RTFvxob\">pic.twitter.com\/3B2RTFvxob<\/a><\/p>&mdash; Zona Roja Oaxaca (@Zona_Roja_Oax) <a href=\"https:\/\/twitter.com\/Zona_Roja_Oax\/status\/1405312927738089473?ref_src=twsrc%5Etfw\">16 de junio de 2021<\/a><\/blockquote><\/div>\n<\/div><\/figure>\n\n\n\n<p>Ayer en un comunicado, el Gobierno del Estado s\u00f3lo inform\u00f3 que una brigada de los Servicios de Salud acudi\u00f3 a la zona istme\u00f1a para apoyar a la poblaci\u00f3n en materia sanitaria.<\/p>\n\n\n\n<p>La Secretar\u00eda de Seguridad P\u00fablica de Oaxaca ha dado a conocer a trav\u00e9s de sus redes sociales los esfuerzos que realizan polic\u00edas estatales y viales para auxiliar a la poblaci\u00f3n damnificada.<\/p>\n\n\n\n<p>Mientras que la Coordinaci\u00f3n Estatal de Protecci\u00f3n Civil, que no tiene titular desde la renuncia de Antonio Amaro Cancino, no ha proporcionado informaci\u00f3n respecto a las afectaciones.<\/p>\n\n\n\n<p>Ayer a las 15:15 horas, mediante un bolet\u00edn, esa instancia gubernamental dijo que se implementan albergues y que las lluvias de las \u00faltimas 24 horas provocaron movimientos en masa por deslizamiento de laderas en carreteras como Oaxaca -Puerto \u00c1ngel, Oaxaca- Puerto Escondido, El Vidrio-Juquila, adem\u00e1s del deslizamiento de ladera en la carretera Oaxaca \u2013 Talea de Castro, \u201cy se confirma el deceso de dos masculinos por descargas atmosf\u00e9ricas en el municipio Yaxe perteneciente a la regi\u00f3n de los Valles Centrales\u201d.<\/p>\n","protected":false},"excerpt":{"rendered":"<p>Redacci\u00f3n\/Zona Roja. Foto: Tinta Brava Oaxaca de Ju\u00e1rez, Oax., 17 de junio de 2021.- Luego&hellip;<\/p>\n","protected":false},"author":2,"featured_media":28665,"comment_status":"closed","ping_status":"open","sticky":false,"template":"","format":"standard","meta":{"_lmt_disableupdate":"","_lmt_disable":"","_jetpack_memberships_contains_paid_content":false,"footnotes":""},"categories":[109,47],"tags":[],"class_list":["post-28664","post","type-post","status-publish","format-standard","has-post-thumbnail","hentry","category-minuto-a-minuto","category-zona-gris"],"jetpack_featured_media_url":"https:\/\/zonaroja.com.mx\/wp-content\/uploads\/2021\/06\/Inundaciones-Juchitan.jpg","jetpack_sharing_enabled":true,"_links":{"self":[{"href":"https:\/\/zonaroja.com.mx\/index.php?rest_route=\/wp\/v2\/posts\/28664","targetHints":{"allow":["GET"]}}],"collection":[{"href":"https:\/\/zonaroja.com.mx\/index.php?rest_route=\/wp\/v2\/posts"}],"about":[{"href":"https:\/\/zonaroja.com.mx\/index.php?rest_route=\/wp\/v2\/types\/post"}],"author":[{"embeddable":true,"href":"https:\/\/zonaroja.com.mx\/index.php?rest_route=\/wp\/v2\/users\/2"}],"replies":[{"embeddable":true,"href":"https:\/\/zonaroja.com.mx\/index.php?rest_route=%2Fwp%2Fv2%2Fcomments&post=28664"}],"version-history":[{"count":1,"href":"https:\/\/zonaroja.com.mx\/index.php?rest_route=\/wp\/v2\/posts\/28664\/revisions"}],"predecessor-version":[{"id":28666,"href":"https:\/\/zonaroja.com.mx\/index.php?rest_route=\/wp\/v2\/posts\/28664\/revisions\/28666"}],"wp:featuredmedia":[{"embeddable":true,"href":"https:\/\/zonaroja.com.mx\/index.php?rest_route=\/wp\/v2\/media\/28665"}],"wp:attachment":[{"href":"https:\/\/zonaroja.com.mx\/index.php?rest_route=%2Fwp%2Fv2%2Fmedia&parent=28664"}],"wp:term":[{"taxonomy":"category","embeddable":true,"href":"https:\/\/zonaroja.com.mx\/index.php?rest_route=%2Fwp%2Fv2%2Fcategories&post=28664"},{"taxonomy":"post_tag","embeddable":true,"href":"https:\/\/zonaroja.com.mx\/index.php?rest_route=%2Fwp%2Fv2%2Ftags&post=28664"}],"curies":[{"name":"wp","href":"https:\/\/api.w.org\/{rel}","templated":true}]}}