{"id":28669,"date":"2021-06-17T11:05:40","date_gmt":"2021-06-17T16:05:40","guid":{"rendered":"https:\/\/www.zonaroja.com.mx\/?p=28669"},"modified":"2021-06-17T21:00:13","modified_gmt":"2021-06-18T02:00:13","slug":"el-periodista-asesinado-en-oaxaca-ya-habia-sufrido-un-atentado-y-denunciado-amenazas","status":"publish","type":"post","link":"https:\/\/zonaroja.com.mx\/?p=28669","title":{"rendered":"El periodista asesinado en Oaxaca ya hab\u00eda sufrido un atentado y denunciado amenazas"},"content":{"rendered":"\n<p>Evlin Arag\u00f3n\/Zona Roja. <\/p>\n\n\n\n<p>Oaxaca de Ju\u00e1rez, Oax., 17 de junio de 2021.-&nbsp;La ma\u00f1ana de&nbsp;este jueves, el reportero Gustavo S\u00e1nchez Cabrera fue asesinado a balazos, en un evento violento registrado en la comunidad de Morro Mazat\u00e1n, perteneciente al municipio de Santo Domingo Tehuantepec, Oaxaca.&nbsp;<\/p>\n\n\n\n<p class=\"MsoNormal\">De acuerdo con los primeros informes, el crimen ocurri\u00f3 en el exterior de su domicilio, acompa\u00f1ado de su hijo, donde un sujeto le dispar\u00f3 a la cabeza y se dio a la fuga, quedando tendido en el suelo el cuerpo sin vida del periodista.\u00a0<\/p>\n\n\n\n<p class=\"MsoNormal\">Al lugar de los hechos arribaron elementos de la Fiscal\u00eda General del Estado de Oaxaca para iniciar las investigaciones de la probable ejecuci\u00f3n &nbsp;e integrar la carpeta de investigaci\u00f3n correspondiente.&nbsp;<\/p>\n\n\n\n<p class=\"MsoNormal\">YA HAB\u00cdA SIDO ATACADO<\/p>\n\n\n\n<p class=\"MsoNormal\">El periodista ya hab\u00eda sufrido un atentado el 17 de julio del a\u00f1o pasado al interior de su vivienda, donde un sujeto ingreso y abri\u00f3 fuego en su contra, sin embargo, sali\u00f3 con vida del ataque. Por dicha agresi\u00f3n denunci\u00f3 a los probables responsables ante las autoridades correspondientes.\u00a0\u00a0<\/p>\n\n\n\n<p class=\"MsoNormal\">El 1 de enero y a trav\u00e9s de las redes sociales, la cuenta \u201cLa Policiaca La Nota Roja\u201d de Oaxaca dio a conocer que el hoy asesinado recibi\u00f3 una llamada telef\u00f3nica amenazadora de parte del edil de Salina Cruz, Juan Carlos Atecas.&nbsp;<\/p>\n\n\n\n<p class=\"MsoNormal\">\u201cPara conocimiento de la ciudadan\u00eda y de las autoridades acabo de recibir una llamada telef\u00f3nica dici\u00e9ndome que deje de escribir mamadas a favor de los polic\u00edas municipales, amenaz\u00e1ndome y dici\u00e9ndome que no me conviene y que es de parte del presidente municipal Juan Carlos Atecas\u201d, cit\u00f3 en la red social.&nbsp;&nbsp;<\/p>\n\n\n\n<p class=\"MsoNormal\">Mientras que, apenas este fin de semana, Gustavo S\u00e1nchez fue acusado por otro periodista de la regi\u00f3n de utilizar la profesi\u00f3n de forma dolosa, haciendo notas falsas en la que firma con el nombre de Alfredo Luis Ruiz y de otros reporteros.&nbsp;&nbsp;<\/p>\n\n\n\n<p class=\"MsoNormal\">\u201cAlgunas personas que ha difamado y calumniado, lo han parado en la calle y lo han increpado, sin embargo, Gustavo S\u00e1nchez, corre a la Fiscal\u00eda General de la Rep\u00fablica, para que le brinden protecci\u00f3n policiaca y de esta forma al contar con la protecci\u00f3n de la as autoridades, sigue con sus piller\u00edas\u201d, refiri\u00f3 Alfredo Luis Ruiz en sus redes sociales.&nbsp;&nbsp;<\/p>\n\n\n\n<p class=\"MsoNormal\">As\u00ed mismo explic\u00f3 que hace unos meses el hoy occiso fue baleado en su domicilio por utilizar sus redes para inventar noticias y evidenciar fotograf\u00edas de contenido er\u00f3tico y sexual de mujeres, poniendo en entredicho la labor period\u00edstica que en estos momentos s\u00ed se encuentra en riesgo en todo el pa\u00eds.&nbsp;&nbsp;<\/p>\n\n\n\n<p class=\"MsoNormal\">&nbsp;OTRO ASESINADO<\/p>\n\n\n\n<p class=\"MsoNormal\">Al asesinato del periodista se suma otro hecho violento en la regi\u00f3n del Istmo de Tehuantepec, toda vez que se report\u00f3 una mujer herida de bala y un hombre ejecutado, a consecuencia de un ataque armado registrado este ma\u00f1ana en la colonia San Pablo, de Salina Cruz.&nbsp;&nbsp;<\/p>\n\n\n\n<p class=\"MsoNormal\">Los hechos se registraron sobre la carretera Costera, en el kil\u00f3metro 391, donde fue auxiliada una mujer con una herida de bala en un brazo y trasladada de urgencia al Hospital de Especialidades; mientras que su esposo fue encontrado sin signos vitales a consecuencia de recibir varios disparos de arma de fuego. <\/p>\n","protected":false},"excerpt":{"rendered":"<p>Evlin Arag\u00f3n\/Zona Roja. Oaxaca de Ju\u00e1rez, Oax., 17 de junio de 2021.-&nbsp;La ma\u00f1ana de&nbsp;este jueves,&hellip;<\/p>\n","protected":false},"author":2,"featured_media":28685,"comment_status":"closed","ping_status":"open","sticky":false,"template":"","format":"standard","meta":{"_lmt_disableupdate":"","_lmt_disable":"","_jetpack_memberships_contains_paid_content":false,"footnotes":""},"categories":[109,51],"tags":[2749],"class_list":["post-28669","post","type-post","status-publish","format-standard","has-post-thumbnail","hentry","category-minuto-a-minuto","category-zona-roja","tag-gustavo-sanchez-cabrera-periodista"],"jetpack_featured_media_url":"https:\/\/zonaroja.com.mx\/wp-content\/uploads\/2021\/06\/Morro-Mazatan-periodista-2.jpg","jetpack_sharing_enabled":true,"_links":{"self":[{"href":"https:\/\/zonaroja.com.mx\/index.php?rest_route=\/wp\/v2\/posts\/28669","targetHints":{"allow":["GET"]}}],"collection":[{"href":"https:\/\/zonaroja.com.mx\/index.php?rest_route=\/wp\/v2\/posts"}],"about":[{"href":"https:\/\/zonaroja.com.mx\/index.php?rest_route=\/wp\/v2\/types\/post"}],"author":[{"embeddable":true,"href":"https:\/\/zonaroja.com.mx\/index.php?rest_route=\/wp\/v2\/users\/2"}],"replies":[{"embeddable":true,"href":"https:\/\/zonaroja.com.mx\/index.php?rest_route=%2Fwp%2Fv2%2Fcomments&post=28669"}],"version-history":[{"count":2,"href":"https:\/\/zonaroja.com.mx\/index.php?rest_route=\/wp\/v2\/posts\/28669\/revisions"}],"predecessor-version":[{"id":28686,"href":"https:\/\/zonaroja.com.mx\/index.php?rest_route=\/wp\/v2\/posts\/28669\/revisions\/28686"}],"wp:featuredmedia":[{"embeddable":true,"href":"https:\/\/zonaroja.com.mx\/index.php?rest_route=\/wp\/v2\/media\/28685"}],"wp:attachment":[{"href":"https:\/\/zonaroja.com.mx\/index.php?rest_route=%2Fwp%2Fv2%2Fmedia&parent=28669"}],"wp:term":[{"taxonomy":"category","embeddable":true,"href":"https:\/\/zonaroja.com.mx\/index.php?rest_route=%2Fwp%2Fv2%2Fcategories&post=28669"},{"taxonomy":"post_tag","embeddable":true,"href":"https:\/\/zonaroja.com.mx\/index.php?rest_route=%2Fwp%2Fv2%2Ftags&post=28669"}],"curies":[{"name":"wp","href":"https:\/\/api.w.org\/{rel}","templated":true}]}}