{"id":28673,"date":"2021-06-17T16:12:30","date_gmt":"2021-06-17T21:12:30","guid":{"rendered":"http:\/\/www.zonaroja.com.mx\/?p=28673"},"modified":"2021-06-17T16:12:33","modified_gmt":"2021-06-17T21:12:33","slug":"condena-ddhpo-homicidio-de-periodista-en-oaxaca-pide-medidas-de-proteccion-urgentes","status":"publish","type":"post","link":"https:\/\/zonaroja.com.mx\/?p=28673","title":{"rendered":"Condena DDHPO homicidio de periodista en Oaxaca; pide medidas de protecci\u00f3n urgentes"},"content":{"rendered":"\n<p>Redacci\u00f3n\/Zona Roja.<\/p>\n\n\n\n<p>Oaxaca de Ju\u00e1rez, Oax., 17 de junio de 2021.- La Defensor\u00eda de los Derechos Humanos del Pueblo de Oaxaca (DDHPO) conden\u00f3 el homicidio del comunicador Gustavo S\u00e1nchez Cabrera, ocurrido la ma\u00f1ana de este jueves 17 de junio en la localidad de Morro Mazat\u00e1n, Santo Domingo Tehuantepec.<\/p>\n\n\n\n<p>El organismo aut\u00f3nomo refiri\u00f3 que, como antecedente durante 2020, el periodista fue agredido con armas de fuego en dicha localidad, por lo que esta instituci\u00f3n dict\u00f3 medidas cautelares a su favor; adem\u00e1s de tener conocimiento de su incorporaci\u00f3n al Mecanismo de Protecci\u00f3n para Personas Defensoras de Derechos Humanos y Periodistas.<\/p>\n\n\n\n<p>Ante los hechos de violencia ocurridos este jueves, la instituci\u00f3n solicit\u00f3 de manera urgente la intervenci\u00f3n de las autoridades de seguridad y procuraci\u00f3n de justicia para proteger a las v\u00edctimas indirectas, es decir, a sus familiares.<\/p>\n\n\n\n<p>La DDHPO inici\u00f3 de oficio el expediente DDHPO\/CA\/027\/RI\/(21)\/OAX\/2021 con motivo del homicidio de Gustavo S\u00e1nchez Cabrera, mediante el cual requiri\u00f3 a la Fiscal\u00eda General del Estado una investigaci\u00f3n independiente, pronta e imparcial que permita el esclarecimiento de los hechos y la efectiva persecuci\u00f3n y sanci\u00f3n de los autores materiales e intelectuales.<\/p>\n\n\n\n<p>En este sentido, tambi\u00e9n requiri\u00f3 que en las investigaciones se agoten todas las l\u00edneas, incluida la actividad period\u00edstica, y tomar en cuenta las amenazas y ataques previos que se hab\u00edan producido.<\/p>\n\n\n\n<p>De igual forma, la DDHPO evaluar\u00e1 el desempe\u00f1o de las autoridades en relaci\u00f3n a las medidas cautelares dictadas a favor del periodista el a\u00f1o pasado.<\/p>\n\n\n\n<p>Por su parte, el titular de la Defensor\u00eda de los Derechos Humanos del Pueblo de Oaxaca, Bernardo Rodr\u00edguez Alamilla, resalt\u00f3 la urgencia de que las instancias de seguridad y procuraci\u00f3n de justicia cuenten con mecanismos eficientes de evaluaci\u00f3n de riesgos, planes de seguridad y medidas de protecci\u00f3n adecuadas,&nbsp; que eviten la consumaci\u00f3n irreparable de violaciones a derechos humanos, como en el caso de Gustavo S\u00e1nchez.<\/p>\n\n\n\n<p>Aunado a ello, reiter\u00f3 la importancia que los mecanismos de protecci\u00f3n con los que cuentan las y los periodistas, as\u00ed como las y los defensores de derechos humanos se eval\u00faen de manera peri\u00f3dica, por parte de expertos.<\/p>\n\n\n\n<p>De la misma forma, manifest\u00f3 su solidaridad con los familiares y el gremio period\u00edstico en su conjunto, a la vez que se\u00f1al\u00f3 que el ejercicio de la labor informativa es fundamental en la construcci\u00f3n de la democracia.<\/p>\n","protected":false},"excerpt":{"rendered":"<p>Redacci\u00f3n\/Zona Roja. Oaxaca de Ju\u00e1rez, Oax., 17 de junio de 2021.- La Defensor\u00eda de los&hellip;<\/p>\n","protected":false},"author":2,"featured_media":28674,"comment_status":"closed","ping_status":"open","sticky":false,"template":"","format":"standard","meta":{"_lmt_disableupdate":"","_lmt_disable":"","_jetpack_memberships_contains_paid_content":false,"footnotes":""},"categories":[109,47],"tags":[2749],"class_list":["post-28673","post","type-post","status-publish","format-standard","has-post-thumbnail","hentry","category-minuto-a-minuto","category-zona-gris","tag-gustavo-sanchez-cabrera-periodista"],"jetpack_featured_media_url":"https:\/\/zonaroja.com.mx\/wp-content\/uploads\/2021\/06\/1.-Morro-Mazatan-periodista.jpg","jetpack_sharing_enabled":true,"_links":{"self":[{"href":"https:\/\/zonaroja.com.mx\/index.php?rest_route=\/wp\/v2\/posts\/28673","targetHints":{"allow":["GET"]}}],"collection":[{"href":"https:\/\/zonaroja.com.mx\/index.php?rest_route=\/wp\/v2\/posts"}],"about":[{"href":"https:\/\/zonaroja.com.mx\/index.php?rest_route=\/wp\/v2\/types\/post"}],"author":[{"embeddable":true,"href":"https:\/\/zonaroja.com.mx\/index.php?rest_route=\/wp\/v2\/users\/2"}],"replies":[{"embeddable":true,"href":"https:\/\/zonaroja.com.mx\/index.php?rest_route=%2Fwp%2Fv2%2Fcomments&post=28673"}],"version-history":[{"count":1,"href":"https:\/\/zonaroja.com.mx\/index.php?rest_route=\/wp\/v2\/posts\/28673\/revisions"}],"predecessor-version":[{"id":28675,"href":"https:\/\/zonaroja.com.mx\/index.php?rest_route=\/wp\/v2\/posts\/28673\/revisions\/28675"}],"wp:featuredmedia":[{"embeddable":true,"href":"https:\/\/zonaroja.com.mx\/index.php?rest_route=\/wp\/v2\/media\/28674"}],"wp:attachment":[{"href":"https:\/\/zonaroja.com.mx\/index.php?rest_route=%2Fwp%2Fv2%2Fmedia&parent=28673"}],"wp:term":[{"taxonomy":"category","embeddable":true,"href":"https:\/\/zonaroja.com.mx\/index.php?rest_route=%2Fwp%2Fv2%2Fcategories&post=28673"},{"taxonomy":"post_tag","embeddable":true,"href":"https:\/\/zonaroja.com.mx\/index.php?rest_route=%2Fwp%2Fv2%2Ftags&post=28673"}],"curies":[{"name":"wp","href":"https:\/\/api.w.org\/{rel}","templated":true}]}}