{"id":28676,"date":"2021-06-17T17:13:45","date_gmt":"2021-06-17T22:13:45","guid":{"rendered":"http:\/\/www.zonaroja.com.mx\/?p=28676"},"modified":"2021-06-17T17:13:50","modified_gmt":"2021-06-17T22:13:50","slug":"pide-diputado-investigar-y-castigar-irregularidades-electorales-en-salina-cruz","status":"publish","type":"post","link":"https:\/\/zonaroja.com.mx\/?p=28676","title":{"rendered":"Pide diputado investigar y castigar irregularidades electorales en Salina Cruz"},"content":{"rendered":"\n<p>Evlin Arag\u00f3n\/Zona Roja.<\/p>\n\n\n\n<p>Oaxaca de Ju\u00e1rez, Oax., 17 de junio de 2021.- El diputado local por Morena, C\u00e9sar Morales Ni\u00f1o, demand\u00f3 una exhaustiva investigaci\u00f3n y castigo a quienes resulten responsables de las irregularidades registradas en el consejo electoral municipal de Salina Cruz, y por lo cual incluso se han interpuesto denuncias ante instancias federales.&nbsp;<\/p>\n\n\n\n<p>De acuerdo con el legislador, el recuento estuvo plagado de acciones que vulneran la decisi\u00f3n del pueblo, toda vez que aparecieron una enorme cantidad de votos anulados a Morena en los paquetes que fueron abiertos y que, adem\u00e1s mostraban visibles alteraciones denunciadas por varios partidos.&nbsp;<\/p>\n\n\n\n<p>Lo anterior ocasion\u00f3 que se suspendiera el c\u00f3mputo y que el Consejo General del Instituto Estatal Electoral y de Participaci\u00f3n Ciudadana de Oaxaca (IEEPCO) atrajera el caso a la ciudad de Oaxaca, incluso sustituy\u00f3 a los integrantes del consejo municipal y reanud\u00f3 el conteo dos d\u00edas despu\u00e9s de los establecido en la ley.&nbsp;&nbsp;<\/p>\n\n\n\n<p>Morales Ni\u00f1o indic\u00f3 que el \u00f3rgano electoral tiene la obligaci\u00f3n de limpiar la elecci\u00f3n en Salina Cruz y dar a conocer qui\u00e9nes fueron los responsables de las irregularidades que, al margen de la ley, se llevaron a cabo despu\u00e9s de la jornada electoral en el municipio.\u00a0<\/p>\n\n\n\n<figure class=\"wp-block-embed-twitter wp-block-embed is-type-rich is-provider-twitter\"><div class=\"wp-block-embed__wrapper\">\n<div class=\"twitter-tweet\"><blockquote class=\"twitter-tweet\" data-lang=\"es\"><p lang=\"es\" dir=\"ltr\">El legislador <a href=\"https:\/\/twitter.com\/cesarmoralesn?ref_src=twsrc%5Etfw\">@cesarmoralesn<\/a> se pronunci\u00f3 en la sesi\u00f3n de la Diputaci\u00f3n Permanente contra las irregularidades en el consejo electoral de Salina Cruz; demand\u00f3 exhaustiva investigaci\u00f3n y castigo a los responsables; adem\u00e1s, si funcionarios del <a href=\"https:\/\/twitter.com\/IEEPCO?ref_src=twsrc%5Etfw\">@IEEPCO<\/a> no pueden, que renuncien, dijo. <a href=\"https:\/\/t.co\/IhkTPudPZE\">pic.twitter.com\/IhkTPudPZE<\/a><\/p>&mdash; Zona Roja Oaxaca (@Zona_Roja_Oax) <a href=\"https:\/\/twitter.com\/Zona_Roja_Oax\/status\/1405324309661356035?ref_src=twsrc%5Etfw\">17 de junio de 2021<\/a><\/blockquote><\/div>\n<\/div><\/figure>\n\n\n\n<p>\u201cEl IEEPCO tiene la responsabilidad de limpiar la elecci\u00f3n de Salina Cruz, tiene que explicar que acciones ha emprendido, no solo interponer las denuncias; les tiene que dar seguimiento y se tiene que dar a conocer qui\u00e9nes son los responsables, si no lo hace de esa forma, ser\u00e1n c\u00f3mplices de un intento de fraude y quedaran marcados por la sospecha y la desconfianza ciudadana\u201d, dijo.&nbsp;<\/p>\n\n\n\n<p>En este mismo sentido, detall\u00f3 que es imprescindible una actuaci\u00f3n impecable por parte del IEEPCO, toda vez que nos encontramos en la antesala de la elecci\u00f3n a la gubernatura, de lo contrario, pidi\u00f3 la renuncia de los actuales consejeros y consejeras antes de perjudicar la democracia.<\/p>\n\n\n\n<p>\u201cEst\u00e1n a tiempo de renunciar para que ciudadanos y ciudadanas honestas y capaces puedan conducir democr\u00e1ticamente la elecci\u00f3n de la pr\u00f3xima gubernatura del estado\u201d, sentenci\u00f3.&nbsp;&nbsp;<\/p>\n\n\n\n<p>Finalmente hizo un llamado a la poblaci\u00f3n para resolver sus diferencias por la v\u00eda institucional, acatar las sentencias de los tribunales y respetar la voluntad ciudadana.\u00a0\u00a0<\/p>\n\n\n\n<figure class=\"wp-block-embed-twitter wp-block-embed is-type-rich is-provider-twitter\"><div class=\"wp-block-embed__wrapper\">\n<div class=\"twitter-tweet\"><blockquote class=\"twitter-tweet\" data-lang=\"es\"><p lang=\"es\" dir=\"ltr\">El diputado <a href=\"https:\/\/twitter.com\/cesarmoralesn?ref_src=twsrc%5Etfw\">@cesarmoralesn<\/a> tambi\u00e9n se pronunci\u00f3 por la defensa del cerro del \u201cCrest\u00f3n\u201d y otras reservas naturales de la capital de <a href=\"https:\/\/twitter.com\/hashtag\/Oaxaca?src=hash&amp;ref_src=twsrc%5Etfw\">#Oaxaca<\/a>, en el marco de las denuncias echas por organismos de la sociedad civil. <a href=\"https:\/\/t.co\/hwabmnIi40\">pic.twitter.com\/hwabmnIi40<\/a><\/p>&mdash; Zona Roja Oaxaca (@Zona_Roja_Oax) <a href=\"https:\/\/twitter.com\/Zona_Roja_Oax\/status\/1405347659641196548?ref_src=twsrc%5Etfw\">17 de junio de 2021<\/a><\/blockquote><\/div>\n<\/div><\/figure>\n\n\n\n<p>PROTECCI\u00d3N A RESERVA<\/p>\n\n\n\n<p>En otro tema, Morales Ni\u00f1o se pronunci\u00f3 por la defensa del cerro del \u201cCrest\u00f3n\u201d y otras reservas naturales de la capital de Oaxaca que se encuentran en riesgo permanente, ante las invasiones que han denunciado organismos de la sociedad civil y por lo que han exigido la intervenci\u00f3n de las autoridades municipales y estatales.&nbsp;<\/p>\n\n\n\n<p>\u201cNo podemos permitir que las pocas \u00e1reas verdes que tenemos en esta capital sean para un uso particular, para invasores de predios y terrenos, sin que nadie haga nada\u201d, sentenci\u00f3.&nbsp;&nbsp;<\/p>\n","protected":false},"excerpt":{"rendered":"<p>Evlin Arag\u00f3n\/Zona Roja. Oaxaca de Ju\u00e1rez, Oax., 17 de junio de 2021.- El diputado local&hellip;<\/p>\n","protected":false},"author":2,"featured_media":28648,"comment_status":"closed","ping_status":"open","sticky":false,"template":"","format":"standard","meta":{"_lmt_disableupdate":"","_lmt_disable":"","_jetpack_memberships_contains_paid_content":false,"footnotes":""},"categories":[109,46],"tags":[612],"class_list":["post-28676","post","type-post","status-publish","format-standard","has-post-thumbnail","hentry","category-minuto-a-minuto","category-zona-blanca","tag-cesar-morales-nino"],"jetpack_featured_media_url":"https:\/\/zonaroja.com.mx\/wp-content\/uploads\/2021\/06\/FOTO-3-Diputado-Cesar-Morales-Nino-integrante-de-la-LXIV-Legislatura.jpg","jetpack_sharing_enabled":true,"_links":{"self":[{"href":"https:\/\/zonaroja.com.mx\/index.php?rest_route=\/wp\/v2\/posts\/28676","targetHints":{"allow":["GET"]}}],"collection":[{"href":"https:\/\/zonaroja.com.mx\/index.php?rest_route=\/wp\/v2\/posts"}],"about":[{"href":"https:\/\/zonaroja.com.mx\/index.php?rest_route=\/wp\/v2\/types\/post"}],"author":[{"embeddable":true,"href":"https:\/\/zonaroja.com.mx\/index.php?rest_route=\/wp\/v2\/users\/2"}],"replies":[{"embeddable":true,"href":"https:\/\/zonaroja.com.mx\/index.php?rest_route=%2Fwp%2Fv2%2Fcomments&post=28676"}],"version-history":[{"count":1,"href":"https:\/\/zonaroja.com.mx\/index.php?rest_route=\/wp\/v2\/posts\/28676\/revisions"}],"predecessor-version":[{"id":28677,"href":"https:\/\/zonaroja.com.mx\/index.php?rest_route=\/wp\/v2\/posts\/28676\/revisions\/28677"}],"wp:featuredmedia":[{"embeddable":true,"href":"https:\/\/zonaroja.com.mx\/index.php?rest_route=\/wp\/v2\/media\/28648"}],"wp:attachment":[{"href":"https:\/\/zonaroja.com.mx\/index.php?rest_route=%2Fwp%2Fv2%2Fmedia&parent=28676"}],"wp:term":[{"taxonomy":"category","embeddable":true,"href":"https:\/\/zonaroja.com.mx\/index.php?rest_route=%2Fwp%2Fv2%2Fcategories&post=28676"},{"taxonomy":"post_tag","embeddable":true,"href":"https:\/\/zonaroja.com.mx\/index.php?rest_route=%2Fwp%2Fv2%2Ftags&post=28676"}],"curies":[{"name":"wp","href":"https:\/\/api.w.org\/{rel}","templated":true}]}}