{"id":28678,"date":"2021-06-17T17:40:02","date_gmt":"2021-06-17T22:40:02","guid":{"rendered":"http:\/\/www.zonaroja.com.mx\/?p=28678"},"modified":"2021-06-17T17:40:05","modified_gmt":"2021-06-17T22:40:05","slug":"celebra-cedhapi-resolucion-de-scjn-y-pide-busqueda-de-mujer-desaparecida-en-oaxaca","status":"publish","type":"post","link":"https:\/\/zonaroja.com.mx\/?p=28678","title":{"rendered":"Celebra Cedhapi resoluci\u00f3n de SCJN y pide b\u00fasqueda de mujer desaparecida en Oaxaca"},"content":{"rendered":"\n<p>Evlin Arag\u00f3n\/Zona Roja.<\/p>\n\n\n\n<p>Oaxaca de Ju\u00e1rez, Oax., 17 de junio de 2021.- El Centro de Derechos Humanos y Asesor\u00eda a Pueblos Ind\u00edgenas (Cedhapi) destac\u00f3 que la Suprema Corte de Justicia de la Naci\u00f3n (SCJN) determinara que las acciones urgentes del Comit\u00e9 contra las Desapariciones Forzada de la Organizaci\u00f3n de Naciones Unidas sean obligatorias para todas las autoridades.&nbsp;<\/p>\n\n\n\n<p>Dicho amparo fue promovido por Litigio Estrat\u00e9gico en Derechos Humanos (IDHEAS) y su resoluci\u00f3n permite que las acciones de b\u00fasqueda para las personas desaparecidas que plantea la ONU sean retomadas por las autoridades de todos los niveles.&nbsp;<\/p>\n\n\n\n<p>Por lo anterior, solicit\u00f3 que sean implementadas para dar con el paradero de Yessenia Pascual Ramos, desaparecida el 12 de mayo del 2015, en inmediaciones del centro de la Heroica Ciudad de Tlaxiaco, sin que hasta la fecha sus familiares sepan de ella.&nbsp;<\/p>\n\n\n\n<p>Y es que a pesar de que ha transcurrido un a\u00f1o desde que el Comit\u00e9 contra las Desapariciones Forzada de la ONU intervino, el Estado mexicano ha sido omiso en la b\u00fasqueda de la mujer, a seis a\u00f1os de haber sido vista por \u00faltima vez.&nbsp;<\/p>\n\n\n\n<p>Explic\u00f3 que, de acuerdo con el organismo internacional, el Estado debe aclarar de inmediato la suerte y el paradero de Yessenia Pascual Ramos; informar a los familiares y al Comit\u00e9 de la ONU al respecto; as\u00ed como tomar las medidas necesarias para proteger a las v\u00edctimas directas e indirectas.<\/p>\n\n\n\n<p>\u201cLas autoridades encargadas de la b\u00fasqueda de la se\u00f1ora Yessenia Pascual Ramos deber\u00e1n dise\u00f1ar una estrategia integral que incluya un plan de acci\u00f3n y un cronograma que tome en cuenta todas las hip\u00f3tesis disponibles, incluyendo la posibilidad de que pudiera haber sido v\u00edctima de trata de personas\u201d, refiere la organizaci\u00f3n.&nbsp;<\/p>\n\n\n\n<p>En este mismo sentido, detall\u00f3 que la investigaci\u00f3n de los responsables de la desaparici\u00f3n de la mujer debe llevarse a cabo con misma efectividad que el proceso de b\u00fasqueda y que ambos se refuercen mutuamente.<\/p>\n\n\n\n<p>As\u00ed mismo, se debe asegurar que no se archiven las carpetas de investigaci\u00f3n 1527\/TX2015 y 1905\/(FMM)\/2015 hasta que se d\u00e9 con el paradero de Yessenia Pascual, adem\u00e1s de permitir la plena participaci\u00f3n de los familiares en las actividades de b\u00fasqueda.&nbsp;&nbsp;<\/p>\n\n\n\n<p>Finalmente, pidi\u00f3 al Estado Mexicano que se informe de manera peri\u00f3dica, a la familia y al Comit\u00e9 de la ONU con respecto a la evoluci\u00f3n y los resultados de la investigaci\u00f3n, as\u00ed como de las acciones tomada por el Estado para dar con el paradero de la mujer.&nbsp;<\/p>\n","protected":false},"excerpt":{"rendered":"<p>Evlin Arag\u00f3n\/Zona Roja. Oaxaca de Ju\u00e1rez, Oax., 17 de junio de 2021.- El Centro de&hellip;<\/p>\n","protected":false},"author":2,"featured_media":28679,"comment_status":"closed","ping_status":"open","sticky":false,"template":"","format":"standard","meta":{"_lmt_disableupdate":"","_lmt_disable":"","_jetpack_memberships_contains_paid_content":false,"footnotes":""},"categories":[109,47],"tags":[2750],"class_list":["post-28678","post","type-post","status-publish","format-standard","has-post-thumbnail","hentry","category-minuto-a-minuto","category-zona-gris","tag-yessenia-pascual-ramos"],"jetpack_featured_media_url":"https:\/\/zonaroja.com.mx\/wp-content\/uploads\/2021\/06\/Yessenia-Pascual-Ramos.jpg","jetpack_sharing_enabled":true,"_links":{"self":[{"href":"https:\/\/zonaroja.com.mx\/index.php?rest_route=\/wp\/v2\/posts\/28678","targetHints":{"allow":["GET"]}}],"collection":[{"href":"https:\/\/zonaroja.com.mx\/index.php?rest_route=\/wp\/v2\/posts"}],"about":[{"href":"https:\/\/zonaroja.com.mx\/index.php?rest_route=\/wp\/v2\/types\/post"}],"author":[{"embeddable":true,"href":"https:\/\/zonaroja.com.mx\/index.php?rest_route=\/wp\/v2\/users\/2"}],"replies":[{"embeddable":true,"href":"https:\/\/zonaroja.com.mx\/index.php?rest_route=%2Fwp%2Fv2%2Fcomments&post=28678"}],"version-history":[{"count":1,"href":"https:\/\/zonaroja.com.mx\/index.php?rest_route=\/wp\/v2\/posts\/28678\/revisions"}],"predecessor-version":[{"id":28680,"href":"https:\/\/zonaroja.com.mx\/index.php?rest_route=\/wp\/v2\/posts\/28678\/revisions\/28680"}],"wp:featuredmedia":[{"embeddable":true,"href":"https:\/\/zonaroja.com.mx\/index.php?rest_route=\/wp\/v2\/media\/28679"}],"wp:attachment":[{"href":"https:\/\/zonaroja.com.mx\/index.php?rest_route=%2Fwp%2Fv2%2Fmedia&parent=28678"}],"wp:term":[{"taxonomy":"category","embeddable":true,"href":"https:\/\/zonaroja.com.mx\/index.php?rest_route=%2Fwp%2Fv2%2Fcategories&post=28678"},{"taxonomy":"post_tag","embeddable":true,"href":"https:\/\/zonaroja.com.mx\/index.php?rest_route=%2Fwp%2Fv2%2Ftags&post=28678"}],"curies":[{"name":"wp","href":"https:\/\/api.w.org\/{rel}","templated":true}]}}