{"id":28681,"date":"2021-06-17T20:10:16","date_gmt":"2021-06-18T01:10:16","guid":{"rendered":"http:\/\/www.zonaroja.com.mx\/?p=28681"},"modified":"2021-06-17T20:10:19","modified_gmt":"2021-06-18T01:10:19","slug":"segob-autorizo-tarde-proteccion-para-periodista-asesinado-en-oaxaca","status":"publish","type":"post","link":"https:\/\/zonaroja.com.mx\/?p=28681","title":{"rendered":"Segob autoriz\u00f3 tarde protecci\u00f3n para periodista asesinado en Oaxaca"},"content":{"rendered":"\n<p>Ismael Garc\u00eda M.\/Zona Roja.<\/p>\n\n\n\n<p>Oaxaca de Ju\u00e1rez, Oax., 17 de junio de 2021.- Apenas el pasado 1 de junio, la Secretar\u00eda de Gobernaci\u00f3n (Segob) hab\u00eda notificado a Gustavo S\u00e1nchez Cabrera, que fue aprobado el otorgamiento de medidas de protecci\u00f3n al periodista, ante la serie de amenazas y atentados que habr\u00eda sufrido.<\/p>\n\n\n\n<p>Sin embargo, \u00e9stas llegaron tarde y no se lograron aplicar, pues el comunicador asesinado hoy por la ma\u00f1ana en la comunidad de Morro Mazat\u00e1n, Santo Domingo Tehuantepec, no tra\u00eda escolta ni ning\u00fan otro tipo de custodia o seguridad.<\/p>\n\n\n\n<p>Viajaba con su hijo por un camino de terracer\u00eda, a bordo de su motocicleta, cuando fue alcanzado por una unidad de motor, de caracter\u00edsticas desconocidas, que lo intent\u00f3 arrollar, tras lo cual un individuo le dispar\u00f3 en varias ocasiones; una bala le toc\u00f3 en la cabeza.<\/p>\n\n\n\n<figure class=\"wp-block-image size-large\"><img decoding=\"async\" width=\"477\" height=\"555\" src=\"http:\/\/www.zonaroja.com.mx\/wp-content\/uploads\/2021\/06\/Oficio-Segob-Gustavo-Sanchez.jpg\" alt=\"\" class=\"wp-image-28683\" srcset=\"https:\/\/zonaroja.com.mx\/wp-content\/uploads\/2021\/06\/Oficio-Segob-Gustavo-Sanchez.jpg 477w, https:\/\/zonaroja.com.mx\/wp-content\/uploads\/2021\/06\/Oficio-Segob-Gustavo-Sanchez-258x300.jpg 258w\" sizes=\"(max-width: 477px) 100vw, 477px\" \/><\/figure>\n\n\n\n<p>EL DOCUMENTO<\/p>\n\n\n\n<p>A trav\u00e9s del oficio CEN\/1203\/2021, mediante el Mecanismo de Protecci\u00f3n para Personas Defensoras de Derechos Humanos y periodistas, la Segob notific\u00f3 al comunicador su resoluci\u00f3n acerca del expediente MEX\/CEN\/004\/P\/E\/2021.<\/p>\n\n\n\n<p>\u201c\u2026 me permito comunicarle el acuerdo emitido por la Junta de Gobierno del Mecanismo para la Protecci\u00f3n de Personas Defensoras de Derechos Humanos y Periodistas en su Nonag\u00e9sima Sexta Sesi\u00f3n Ordinaria, celebrada los d\u00edas 28 y 31 de mayo, donde se abord\u00f3 el an\u00e1lisis de su caso y se determin\u00f3 lo siguiente:<\/p>\n\n\n\n<p>\u201cJG\/ORD\/252\/2021.- La Junta de Gobierno del Mecanismo, acord\u00f3 que con motivo del estudio de evaluaci\u00f3n de riesgo elaborado para el caso de Gustavo S\u00e1nchez Cabrera\u2026 aprob\u00f3 lo siguiente:<\/p>\n\n\n\n<p>\u201c1.- La Coordinaci\u00f3n Ejecutiva Nacional solicitar\u00e1 a trav\u00e9s del enlace por convenio con el estado de Oaxaca, notifique al gobierno estatal, as\u00ed como al municipio de Tehuantepec, que la persona beneficiaria, se encuentra incorporada a este Mecanismo.<\/p>\n\n\n\n<p>\u201c2.- La Coordinaci\u00f3n Ejecutiva Nacional, solicitar\u00e1 a la empresa proveedora del servicio otorgamiento del arrendamiento de bot\u00f3n de asistencia con aplicaci\u00f3n de localizaci\u00f3n para sistema de reacci\u00f3n inmediata, a favor de la persona beneficiaria Gustavo S\u00e1nchez Cabrera, direccionado a la Secretar\u00eda de Seguridad P\u00fablica del Estado de Oaxaca\u201d.<\/p>\n\n\n\n<p>Hasta el momento no hay confirmaci\u00f3n del gobierno estatal o de la Fiscal\u00eda General del Estado, en su caso, acerca del otorgamiento de las medidas de protecci\u00f3n.<\/p>\n\n\n\n<figure class=\"wp-block-embed-twitter wp-block-embed is-type-rich is-provider-twitter\"><div class=\"wp-block-embed__wrapper\">\n<div class=\"twitter-tweet\"><blockquote class=\"twitter-tweet\" data-lang=\"es\"><p lang=\"es\" dir=\"ltr\">ARTICLE 19 exige a la FEADLE de la <a href=\"https:\/\/twitter.com\/FGRMexico?ref_src=twsrc%5Etfw\">@FGRMexico<\/a> que ejerza la facultad de atracci\u00f3n ante la inactividad de la <a href=\"https:\/\/twitter.com\/FISCALIA_GobOax?ref_src=twsrc%5Etfw\">@FISCALIA_GobOax<\/a> en las denuncias previas del periodista. Urge a la <a href=\"https:\/\/twitter.com\/SeGob?ref_src=twsrc%5Etfw\">@SEGOB<\/a> contactar con sus familiares para ofrecerles protecci\u00f3n.<br><br>(3\/3)<\/p>&mdash; ARTICLE 19 MX-CA (@article19mex) <a href=\"https:\/\/twitter.com\/article19mex\/status\/1405567182294056962?ref_src=twsrc%5Etfw\">17 de junio de 2021<\/a><\/blockquote><\/div>\n<\/div><\/figure>\n\n\n\n<p>LOS PRONUNCIAMIENTOS<\/p>\n\n\n\n<p>La organizaci\u00f3n internacional Reporteros Sin Frontera conden\u00f3 \u201cde manera en\u00e9rgica\u201d el crimen del comunicador oaxaque\u00f1o. \u201cLamentamos que las medidas de protecci\u00f3n del Mecanismo de la Segob llegaran demasiado tarde\u201d, poste\u00f3 a trav\u00e9s de sus redes sociales.<\/p>\n\n\n\n<p>La asociaci\u00f3n Art\u00edculo 19 tambi\u00e9n lament\u00f3 el asesinato y dijo que documenta el caso; \u201cS\u00e1nchez publicaba temas de pol\u00edtica local principalmente, y fue v\u00edctima de amenazas y allanamiento el a\u00f1o pasado, as\u00ed como un intento de asesinato en julio pasado. El periodista hab\u00eda alertado sobre la falta de respuesta de las autoridades ante su caso\u201d, difundi\u00f3.<\/p>\n\n\n\n<p>Demand\u00f3 que la Fiscal\u00eda General de la Rep\u00fablica ejerza la facultad de atracci\u00f3n, \u201cante la inactividad de la Fiscal\u00eda de Oaxaca en las denuncias previas del periodista\u201d.<\/p>\n\n\n\n<p>A su vez, la asociaci\u00f3n civil Asociaci\u00f3n de Periodistas de Oaxaca (APO) tambi\u00e9n se pronunci\u00f3 porque el caso lo atraiga la autoridad ministerial federal, \u201cante la inoperancia manifiesta de la Fiscal\u00eda General del Estado\u201d.<\/p>\n\n\n\n<p>\u201cLa muerte de Gustavo S\u00e1nchez, en el Istmo de Tehuantepec, no debe engrosar las estad\u00edsticas de periodistas asesinados en M\u00e9xico y en Oaxaca. Tampco debe ser un n\u00famero m\u00e1s en las abultadas carpetas de investigaci\u00f3n abiertas por delitos contra la libertad de expresi\u00f3n\u201d, dijo el organismo que presiden Juan Manuel Vign\u00f3n, Maricruz Mart\u00ednez Cruz y Antonio Guti\u00e9rrez Sumano.<\/p>\n","protected":false},"excerpt":{"rendered":"<p>Ismael Garc\u00eda M.\/Zona Roja. Oaxaca de Ju\u00e1rez, Oax., 17 de junio de 2021.- Apenas el&hellip;<\/p>\n","protected":false},"author":2,"featured_media":28682,"comment_status":"closed","ping_status":"open","sticky":false,"template":"","format":"standard","meta":{"_lmt_disableupdate":"","_lmt_disable":"","_jetpack_memberships_contains_paid_content":false,"footnotes":""},"categories":[109,47],"tags":[2749],"class_list":["post-28681","post","type-post","status-publish","format-standard","has-post-thumbnail","hentry","category-minuto-a-minuto","category-zona-gris","tag-gustavo-sanchez-cabrera-periodista"],"jetpack_featured_media_url":"https:\/\/zonaroja.com.mx\/wp-content\/uploads\/2021\/06\/Caso-Gustavo-Sanchez-Cabrera.jpg","jetpack_sharing_enabled":true,"_links":{"self":[{"href":"https:\/\/zonaroja.com.mx\/index.php?rest_route=\/wp\/v2\/posts\/28681","targetHints":{"allow":["GET"]}}],"collection":[{"href":"https:\/\/zonaroja.com.mx\/index.php?rest_route=\/wp\/v2\/posts"}],"about":[{"href":"https:\/\/zonaroja.com.mx\/index.php?rest_route=\/wp\/v2\/types\/post"}],"author":[{"embeddable":true,"href":"https:\/\/zonaroja.com.mx\/index.php?rest_route=\/wp\/v2\/users\/2"}],"replies":[{"embeddable":true,"href":"https:\/\/zonaroja.com.mx\/index.php?rest_route=%2Fwp%2Fv2%2Fcomments&post=28681"}],"version-history":[{"count":1,"href":"https:\/\/zonaroja.com.mx\/index.php?rest_route=\/wp\/v2\/posts\/28681\/revisions"}],"predecessor-version":[{"id":28684,"href":"https:\/\/zonaroja.com.mx\/index.php?rest_route=\/wp\/v2\/posts\/28681\/revisions\/28684"}],"wp:featuredmedia":[{"embeddable":true,"href":"https:\/\/zonaroja.com.mx\/index.php?rest_route=\/wp\/v2\/media\/28682"}],"wp:attachment":[{"href":"https:\/\/zonaroja.com.mx\/index.php?rest_route=%2Fwp%2Fv2%2Fmedia&parent=28681"}],"wp:term":[{"taxonomy":"category","embeddable":true,"href":"https:\/\/zonaroja.com.mx\/index.php?rest_route=%2Fwp%2Fv2%2Fcategories&post=28681"},{"taxonomy":"post_tag","embeddable":true,"href":"https:\/\/zonaroja.com.mx\/index.php?rest_route=%2Fwp%2Fv2%2Ftags&post=28681"}],"curies":[{"name":"wp","href":"https:\/\/api.w.org\/{rel}","templated":true}]}}