{"id":28687,"date":"2021-06-17T21:21:03","date_gmt":"2021-06-18T02:21:03","guid":{"rendered":"http:\/\/www.zonaroja.com.mx\/?p=28687"},"modified":"2021-06-17T21:21:06","modified_gmt":"2021-06-18T02:21:06","slug":"piden-agilizacion-y-efectividad-en-la-busqueda-de-claudia-uruchurtu","status":"publish","type":"post","link":"https:\/\/zonaroja.com.mx\/?p=28687","title":{"rendered":"Piden agilizaci\u00f3n y efectividad en la b\u00fasqueda de Claudia Uruchurtu"},"content":{"rendered":"\n<p>Ismael Garc\u00eda M.\/Zona Roja.<\/p>\n\n\n\n<p>Oaxaca de Ju\u00e1rez, Oax., 17 de junio de 2021.- Familiares y la organizaci\u00f3n Unir demandaron al Estado mexicano y de Oaxaca que con la misma diligencia que han realizado las investigaciones, se contin\u00fae la b\u00fasqueda de Claudia Uruchurtu Cruz, desaparecida hace 83 d\u00edas.<\/p>\n\n\n\n<p>En un comunicado, se congratularon de la determinaci\u00f3n de la Suprema Corte de Justicia de la Naci\u00f3n (SCJN), que convino que las acciones urgentes del Comit\u00e9 contra las Desapariciones Forzada de la Organizaci\u00f3n de Naciones Unidas (ONU) sean obligatorias para las autoridades de todos los niveles.<\/p>\n\n\n\n<p>\u201cEn este contexto recordamos que nuestra compa\u00f1era, la activista Claudia Uruchurtu Cruz fue desaparecida el 26 de marzo de 2021 en Asunci\u00f3n Nochixtl\u00e1n, Oaxaca.<\/p>\n\n\n\n<p>\u201cY en seguimiento a ello, en un documento firmado por el Jefe de la Subdivisi\u00f3n de Tratados de Derechos Humanos ONU, Ibrahim Salama, de conformidad con el art\u00edculo 30 de la Convenci\u00f3n Internacional para la Protecci\u00f3n de Todas las Personas contra las Desapariciones Forzadas, el Comit\u00e9 contra la Desaparici\u00f3n Forzada, de la ONU emiti\u00f3 un requerimiento de acci\u00f3n urgente al Estado mexicano para la localizaci\u00f3n de Claudia\u201d.<\/p>\n\n\n\n<p>El comunicado firmado por la organizaci\u00f3n Unidad, Identidad y Ra\u00edces de Oaxaca (Unir), que dirige Efra\u00edn Solano, demand\u00f3 adem\u00e1s que para la investigaci\u00f3n exhaustiva e imparcial de su desaparici\u00f3n forzada, tome en cuenta toda la informaci\u00f3n disponible, incluido el contexto en el cual ocurri\u00f3 su desaparici\u00f3n forzada.<\/p>\n\n\n\n<p>\u201cYa que la informaci\u00f3n recibida por el Comit\u00e9 contra la Desaparici\u00f3n Forzada, \u2018la Sra. Uruchurtu Cruz se habr\u00eda involucrado en el combate de los constantes abusos y extorsiones de las autoridades municipales hacia la poblaci\u00f3n de Nochixtl\u00e1n, Oaxaca, y habr\u00eda trabajado con grupos de mujeres en dicha poblaci\u00f3n\u2019\u201d.<\/p>\n\n\n\n<p>Agreg\u00f3 que la desaparici\u00f3n forzada de Claudia Urruchurtu Cruz se da en los momentos de una manifestaci\u00f3n de la poblaci\u00f3n para protestar por la detenci\u00f3n de un ciudadano de nombre Alfonso Avenda\u00f1o y que fue golpeado por la polic\u00eda municipal horas antes.<\/p>\n\n\n\n<p>Record\u00f3 que el viernes 7 de mayo, la presidenta municipal de Asunci\u00f3n Nochixtl\u00e1n y dos personas m\u00e1s fueron detenidas por la Fiscal\u00eda General del Estado de Oaxaca (FGEO), por su presunta responsabilidad en el delito en cuesti\u00f3n.<\/p>\n\n\n\n<p>\u201cEn el contexto de la resoluci\u00f3n de Suprema Corte de Justicia de Naci\u00f3n, pedimos que con la misma efectividad que el Estado mexicano ha realizado la investigaci\u00f3n para dar con los responsables, la b\u00fasqueda de Claudia Uruchurtu Cruz se lleve tambi\u00e9n con las mismas disposiciones emitidas, manifestando que ya son 83 d\u00edas desde que Claudia est\u00e1 desaparecida\u201d, remarc\u00f3.<\/p>\n","protected":false},"excerpt":{"rendered":"<p>Ismael Garc\u00eda M.\/Zona Roja. Oaxaca de Ju\u00e1rez, Oax., 17 de junio de 2021.- Familiares y&hellip;<\/p>\n","protected":false},"author":2,"featured_media":27097,"comment_status":"closed","ping_status":"open","sticky":false,"template":"","format":"standard","meta":{"_lmt_disableupdate":"","_lmt_disable":"","_jetpack_memberships_contains_paid_content":false,"footnotes":""},"categories":[109,47],"tags":[2582],"class_list":["post-28687","post","type-post","status-publish","format-standard","has-post-thumbnail","hentry","category-minuto-a-minuto","category-zona-gris","tag-claudia-uruchurtu-cruz"],"jetpack_featured_media_url":"https:\/\/zonaroja.com.mx\/wp-content\/uploads\/2021\/05\/Claudia-Uruchurtu-1.png","jetpack_sharing_enabled":true,"_links":{"self":[{"href":"https:\/\/zonaroja.com.mx\/index.php?rest_route=\/wp\/v2\/posts\/28687","targetHints":{"allow":["GET"]}}],"collection":[{"href":"https:\/\/zonaroja.com.mx\/index.php?rest_route=\/wp\/v2\/posts"}],"about":[{"href":"https:\/\/zonaroja.com.mx\/index.php?rest_route=\/wp\/v2\/types\/post"}],"author":[{"embeddable":true,"href":"https:\/\/zonaroja.com.mx\/index.php?rest_route=\/wp\/v2\/users\/2"}],"replies":[{"embeddable":true,"href":"https:\/\/zonaroja.com.mx\/index.php?rest_route=%2Fwp%2Fv2%2Fcomments&post=28687"}],"version-history":[{"count":1,"href":"https:\/\/zonaroja.com.mx\/index.php?rest_route=\/wp\/v2\/posts\/28687\/revisions"}],"predecessor-version":[{"id":28688,"href":"https:\/\/zonaroja.com.mx\/index.php?rest_route=\/wp\/v2\/posts\/28687\/revisions\/28688"}],"wp:featuredmedia":[{"embeddable":true,"href":"https:\/\/zonaroja.com.mx\/index.php?rest_route=\/wp\/v2\/media\/27097"}],"wp:attachment":[{"href":"https:\/\/zonaroja.com.mx\/index.php?rest_route=%2Fwp%2Fv2%2Fmedia&parent=28687"}],"wp:term":[{"taxonomy":"category","embeddable":true,"href":"https:\/\/zonaroja.com.mx\/index.php?rest_route=%2Fwp%2Fv2%2Fcategories&post=28687"},{"taxonomy":"post_tag","embeddable":true,"href":"https:\/\/zonaroja.com.mx\/index.php?rest_route=%2Fwp%2Fv2%2Ftags&post=28687"}],"curies":[{"name":"wp","href":"https:\/\/api.w.org\/{rel}","templated":true}]}}