{"id":28695,"date":"2021-06-17T22:11:28","date_gmt":"2021-06-18T03:11:28","guid":{"rendered":"http:\/\/www.zonaroja.com.mx\/?p=28695"},"modified":"2021-06-17T22:11:31","modified_gmt":"2021-06-18T03:11:31","slug":"omiten-los-sso-numero-de-fallecidos-por-covid-hoy-son-30","status":"publish","type":"post","link":"https:\/\/zonaroja.com.mx\/?p=28695","title":{"rendered":"Omiten los SSO n\u00famero de fallecidos por Covid hoy; \u00a1son 30!"},"content":{"rendered":"\n<p>Redacci\u00f3n\/Zona Roja.<\/p>\n\n\n\n<p>Oaxaca de Ju\u00e1rez, Oax. 17 de junio de 2021.- En las \u00faltimas 24 horas, en Oaxaca se registraron 30 fallecimientos a causa del Covid-19, cifra que fue omitida por los Servicios de Salud en su bolet\u00edn de prensa.<\/p>\n\n\n\n<p>De acuerdo con su comunicado, hasta el corte de este 17 de junio, se reportaron 58 nuevos casos confirmados, para un acumulado de 47 mil 838 contagios, de los cuales 230 son activos; asimismo, la cifra de v\u00edctimas mortales lleg\u00f3 a las tres mil 855.<\/p>\n\n\n\n<p>Mencion\u00f3 que a la fecha se notificaron 81 mil 408 personas con s\u00edntomas relacionados a la infecci\u00f3n viral, 28 mil 687 ha sido negativos y 43 mil 753 se han recuperado.<\/p>\n\n\n\n<p>Describi\u00f3 que Valles Centrales contabiliz\u00f3 32 mil 324 casos confirmados y mil 908 fallecimientos, Istmo 4 mil 273 y 695 muertes, Tuxtepec 2 mil 960 y 353 p\u00e9rdidas humanas, Costa 2 mil 495 y 280 defunciones, Mixteca 4 mil 53 y 398 fallecimientos, Sierra mil 732 y 221 muertes.<\/p>\n\n\n\n<p>Sostuvo que los 58 casos nuevos de Covid-19, se distribuyen en 25 municipios, siendo los de mayor n\u00famero: Heroica Ciudad de Huajuapan de Le\u00f3n y San Juan Bautista Tuxtepec con ocho cada uno, Oaxaca de Ju\u00e1rez con seis, Santa Mar\u00eda Jalapa del Marqu\u00e9s con cinco y Salina Cruz con cuatro, el resto tres, dos y un caso.<\/p>\n\n\n\n<p>Por primera vez la localidad de San Francisco Nuxa\u00f1o, en la regi\u00f3n Mixteca, present\u00f3 un contagio.<\/p>\n\n\n\n<p>Respecto a la atenci\u00f3n m\u00e9dica, se\u00f1al\u00f3 que del global de casos acumulados desde el pasado 14 de marzo, siete mil 926 personas han sido hospitalizadas y 39 mil 912 han cursado la patolog\u00eda respiratoria en sus domicilios, con vigilancia m\u00e9dica.<\/p>\n\n\n\n<figure class=\"wp-block-embed-twitter wp-block-embed is-type-rich is-provider-twitter\"><div class=\"wp-block-embed__wrapper\">\n<div class=\"twitter-tweet\"><blockquote class=\"twitter-tweet\" data-lang=\"es\"><p lang=\"es\" dir=\"ltr\"><a href=\"https:\/\/twitter.com\/hashtag\/Qu%C3%A9dateEnCasa?src=hash&amp;ref_src=twsrc%5Etfw\">#Qu\u00e9dateEnCasa<\/a><br>\u00bfResultado de campa\u00f1as? Este jueves los Servicios de Salud reportaron 30 fallecidos por Covid-19, para un total de tres mil 855 decesos.<br>Adem\u00e1s, 53 casos positivos, que suman 47 mil 838 confirmados; hay seis hospitales saturados de pacientes.<a href=\"https:\/\/twitter.com\/hashtag\/Qu%C3%A9dateEnCasa?src=hash&amp;ref_src=twsrc%5Etfw\">#Qu\u00e9dateEnCasa<\/a> <a href=\"https:\/\/t.co\/SblqRoI3oc\">pic.twitter.com\/SblqRoI3oc<\/a><\/p>&mdash; Zona Roja Oaxaca (@Zona_Roja_Oax) <a href=\"https:\/\/twitter.com\/Zona_Roja_Oax\/status\/1405703976914407425?ref_src=twsrc%5Etfw\">18 de junio de 2021<\/a><\/blockquote><\/div>\n<\/div><\/figure>\n\n\n\n<p>En este sentido, enfatiz\u00f3 que la ocupaci\u00f3n hospitalaria en la entidad, ha reducido considerablemente, ante las medidas sanitarias aplicadas, as\u00ed como la participaci\u00f3n activa y responsable de la sociedad, por lo que este jueves, se reporta 19.7% de saturaci\u00f3n de camas para la atenci\u00f3n de la pandemia.<\/p>\n\n\n\n<p>A este jueves, se tiene 78 pacientes recibiendo atenci\u00f3n de especialidad, para un total 318 camas disponibles. De acuerdo al reporte epidemiol\u00f3gico, las seis Jurisdicciones Sanitarias que conforman el territorio oaxaque\u00f1o notifican menos del 50% de ocupaci\u00f3n m\u00e9dica, Valles centrales con el 17.6%, Istmo 22%, Tuxtepec 25.7%, Costa 31.3%, Mixteca 14.3% y Sierra no presenta pacientes hospitalizados. Mientras que, seis nosocomios reportan 100% de su capacidad.<\/p>\n\n\n\n<p>Finalmente, enfatiz\u00f3 que la poblaci\u00f3n no debe relajar las acciones de protecci\u00f3n, con el fin de reducir los niveles de ocupaci\u00f3n hospitalaria, la incidencia de casos y muertes por el SARS-CoV-2, el riesgo de contagio a\u00fan contin\u00faa, ante cualquier emergencia llamar al 911.<\/p>\n","protected":false},"excerpt":{"rendered":"<p>Redacci\u00f3n\/Zona Roja. Oaxaca de Ju\u00e1rez, Oax. 17 de junio de 2021.- En las \u00faltimas 24&hellip;<\/p>\n","protected":false},"author":2,"featured_media":28696,"comment_status":"closed","ping_status":"open","sticky":false,"template":"","format":"standard","meta":{"_lmt_disableupdate":"","_lmt_disable":"","_jetpack_memberships_contains_paid_content":false,"footnotes":""},"categories":[109,47],"tags":[1512],"class_list":["post-28695","post","type-post","status-publish","format-standard","has-post-thumbnail","hentry","category-minuto-a-minuto","category-zona-gris","tag-coronavirus-oaxaca"],"jetpack_featured_media_url":"https:\/\/zonaroja.com.mx\/wp-content\/uploads\/2021\/06\/GRAFICA-SSO-01-1.jpeg","jetpack_sharing_enabled":true,"_links":{"self":[{"href":"https:\/\/zonaroja.com.mx\/index.php?rest_route=\/wp\/v2\/posts\/28695","targetHints":{"allow":["GET"]}}],"collection":[{"href":"https:\/\/zonaroja.com.mx\/index.php?rest_route=\/wp\/v2\/posts"}],"about":[{"href":"https:\/\/zonaroja.com.mx\/index.php?rest_route=\/wp\/v2\/types\/post"}],"author":[{"embeddable":true,"href":"https:\/\/zonaroja.com.mx\/index.php?rest_route=\/wp\/v2\/users\/2"}],"replies":[{"embeddable":true,"href":"https:\/\/zonaroja.com.mx\/index.php?rest_route=%2Fwp%2Fv2%2Fcomments&post=28695"}],"version-history":[{"count":1,"href":"https:\/\/zonaroja.com.mx\/index.php?rest_route=\/wp\/v2\/posts\/28695\/revisions"}],"predecessor-version":[{"id":28697,"href":"https:\/\/zonaroja.com.mx\/index.php?rest_route=\/wp\/v2\/posts\/28695\/revisions\/28697"}],"wp:featuredmedia":[{"embeddable":true,"href":"https:\/\/zonaroja.com.mx\/index.php?rest_route=\/wp\/v2\/media\/28696"}],"wp:attachment":[{"href":"https:\/\/zonaroja.com.mx\/index.php?rest_route=%2Fwp%2Fv2%2Fmedia&parent=28695"}],"wp:term":[{"taxonomy":"category","embeddable":true,"href":"https:\/\/zonaroja.com.mx\/index.php?rest_route=%2Fwp%2Fv2%2Fcategories&post=28695"},{"taxonomy":"post_tag","embeddable":true,"href":"https:\/\/zonaroja.com.mx\/index.php?rest_route=%2Fwp%2Fv2%2Ftags&post=28695"}],"curies":[{"name":"wp","href":"https:\/\/api.w.org\/{rel}","templated":true}]}}