{"id":2871,"date":"2019-08-06T21:42:44","date_gmt":"2019-08-07T02:42:44","guid":{"rendered":"http:\/\/www.zonaroja.com.mx\/?p=2871"},"modified":"2019-08-06T21:42:47","modified_gmt":"2019-08-07T02:42:47","slug":"no-no-no-como-le-pudo-pasar-eso-a-mi-hijo-la-tragedia-de-santiago-apostol","status":"publish","type":"post","link":"https:\/\/zonaroja.com.mx\/?p=2871","title":{"rendered":"\u201c\u00a1No, no, no, c\u00f3mo le pudo pasar eso a mi hijo!\u201d. La tragedia de Santiago Ap\u00f3stol"},"content":{"rendered":"\n<p>Ismael Garc\u00eda\nM.\/Zona Roja.<\/p>\n\n\n\n<p>Santiago\nAp\u00f3stol, Ocotl\u00e1n, Oax., 6 de agosto de 2019.- Don Santiago Maya estaba\ndesconsolado. \u201c\u00a1No, no, no, c\u00f3mo le pudo pasar eso a mi hijo! \u00a1No es posible!\u201d.\nEl hombre humilde ya sab\u00eda del dolor y del olor de la p\u00f3lvora cuando estalla.\nHace tres a\u00f1os perdi\u00f3 una mano, tambi\u00e9n por una explosi\u00f3n.<\/p>\n\n\n\n<p>Y este martes le toc\u00f3 a su v\u00e1stago mayor, Adri\u00e1n Maya L\u00f3pez, de 27 a\u00f1os de edad. A eso de la una de la tarde, estall\u00f3 un centro de trabajo de pirot\u00e9cnica, en el paraje \u201cLa Azucena\u201d de Santiago Ap\u00f3stol, a unos dos kil\u00f3metros del centro poblacional y en las faldas de un cerro.<\/p>\n\n\n\n<figure class=\"wp-block-embed-twitter wp-block-embed is-type-rich is-provider-twitter\"><div class=\"wp-block-embed__wrapper\">\n<div class=\"twitter-tweet\"><blockquote class=\"twitter-tweet\" data-lang=\"es\"><p lang=\"es\" dir=\"ltr\"><a href=\"https:\/\/twitter.com\/hashtag\/OaxacaRojo?src=hash&amp;ref_src=twsrc%5Etfw\">#OaxacaRojo<\/a><br>Suman dos v\u00edctimas fatales, adem\u00e1s de dos lesionados, por la explosi\u00f3n de un polvor\u00edn en una zona alejada del centro poblacional de Santiago Ap\u00f3stol, municipio del distrito de Ocotl\u00e1n, en la regi\u00f3n Valles Centrales de <a href=\"https:\/\/twitter.com\/hashtag\/Oaxaca?src=hash&amp;ref_src=twsrc%5Etfw\">#Oaxaca<\/a>. <a href=\"https:\/\/t.co\/L2pJYlkhyL\">pic.twitter.com\/L2pJYlkhyL<\/a><\/p>&mdash; Zona Roja Oaxaca (@MexRoja) <a href=\"https:\/\/twitter.com\/MexRoja\/status\/1158924691190538246?ref_src=twsrc%5Etfw\">7 de agosto de 2019<\/a><\/blockquote><\/div>\n<\/div><\/figure>\n\n\n\n<p>El lugar\ncontaba con todas las medidas de seguridad y permiso de la Secretar\u00eda de la\nDefensa Nacional con n\u00famero 1953. <\/p>\n\n\n\n<p>Sin embargo,\nla tragedia vino en uno de los tres cuartos, separados cada uno, cuando\nmanipulaban la p\u00f3lvora para preparar cohetes y ruedas \u201cCatarina\u201d. <\/p>\n\n\n\n<p>El desenlace\nal inicio: tres lesionados, Mario S\u00e1nchez, de 55 a\u00f1os, Mario Maya., de 30 a\u00f1os,\ny Germ\u00e1n Luis Maya, de 23 a\u00f1os, quienes fueron trasladados al hospital de San\nPablo Huixtepec. Por la noche se report\u00f3 el fallecimiento del primer Mario, al\nparecer propietario del polvor\u00edn.<\/p>\n\n\n\n<p>\u201cS\u00ed, s\u00ed,\nsabemos que es peligroso, pero mi sobrino estaba de mozo del se\u00f1or Mario; ten\u00eda\nque trabajar ac\u00e1 porque no hay dinero, lamentablemente dej\u00f3 a su esposa,\nRosario, y a una hija.<\/p>\n\n\n\n<p>\u201cMi hermano\nSantiago tambi\u00e9n es humilde, no tiene trabajo, por eso tuvo que estar ac\u00e1 un\ntiempo en el polvor\u00edn, y perdi\u00f3 la mano\u201d, cuenta do\u00f1a Mar\u00eda Luisa, t\u00eda del\nfallecido.<\/p>\n\n\n\n<p>La tragedia enlut\u00f3 a Santiago Ap\u00f3stol, que cuenta con al menos tres polvorines en la zona. Pese a las medidas de seguridad y lo alejado del centro poblacional, en dos hogares lloran a sus seres queridos.<\/p>\n\n\n\n<figure class=\"wp-block-image\"><img decoding=\"async\" width=\"1024\" height=\"768\" src=\"http:\/\/www.zonaroja.com.mx\/wp-content\/uploads\/2019\/08\/eZy-Watermark_06-08-2019_09-08-11p.-m.-1024x768.jpg\" alt=\"\" class=\"wp-image-2872\" srcset=\"https:\/\/zonaroja.com.mx\/wp-content\/uploads\/2019\/08\/eZy-Watermark_06-08-2019_09-08-11p.-m.-1024x768.jpg 1024w, https:\/\/zonaroja.com.mx\/wp-content\/uploads\/2019\/08\/eZy-Watermark_06-08-2019_09-08-11p.-m.-300x225.jpg 300w, https:\/\/zonaroja.com.mx\/wp-content\/uploads\/2019\/08\/eZy-Watermark_06-08-2019_09-08-11p.-m.-768x576.jpg 768w, https:\/\/zonaroja.com.mx\/wp-content\/uploads\/2019\/08\/eZy-Watermark_06-08-2019_09-08-11p.-m.-1170x878.jpg 1170w, https:\/\/zonaroja.com.mx\/wp-content\/uploads\/2019\/08\/eZy-Watermark_06-08-2019_09-08-11p.-m.-585x439.jpg 585w, https:\/\/zonaroja.com.mx\/wp-content\/uploads\/2019\/08\/eZy-Watermark_06-08-2019_09-08-11p.-m..jpg 1280w\" sizes=\"(max-width: 1024px) 100vw, 1024px\" \/><\/figure>\n","protected":false},"excerpt":{"rendered":"<p>Ismael Garc\u00eda M.\/Zona Roja. Santiago Ap\u00f3stol, Ocotl\u00e1n, Oax., 6 de agosto de 2019.- Don Santiago&hellip;<\/p>\n","protected":false},"author":2,"featured_media":2873,"comment_status":"closed","ping_status":"open","sticky":false,"template":"","format":"standard","meta":{"_lmt_disableupdate":"","_lmt_disable":"","_jetpack_memberships_contains_paid_content":false,"footnotes":""},"categories":[109,51],"tags":[491,492],"class_list":["post-2871","post","type-post","status-publish","format-standard","has-post-thumbnail","hentry","category-minuto-a-minuto","category-zona-roja","tag-polvorin","tag-santiago-apostol-ocotlan"],"jetpack_featured_media_url":"https:\/\/zonaroja.com.mx\/wp-content\/uploads\/2019\/08\/eZy-Watermark_06-08-2019_09-06-47p.-m..jpg","jetpack_sharing_enabled":true,"_links":{"self":[{"href":"https:\/\/zonaroja.com.mx\/index.php?rest_route=\/wp\/v2\/posts\/2871","targetHints":{"allow":["GET"]}}],"collection":[{"href":"https:\/\/zonaroja.com.mx\/index.php?rest_route=\/wp\/v2\/posts"}],"about":[{"href":"https:\/\/zonaroja.com.mx\/index.php?rest_route=\/wp\/v2\/types\/post"}],"author":[{"embeddable":true,"href":"https:\/\/zonaroja.com.mx\/index.php?rest_route=\/wp\/v2\/users\/2"}],"replies":[{"embeddable":true,"href":"https:\/\/zonaroja.com.mx\/index.php?rest_route=%2Fwp%2Fv2%2Fcomments&post=2871"}],"version-history":[{"count":1,"href":"https:\/\/zonaroja.com.mx\/index.php?rest_route=\/wp\/v2\/posts\/2871\/revisions"}],"predecessor-version":[{"id":2874,"href":"https:\/\/zonaroja.com.mx\/index.php?rest_route=\/wp\/v2\/posts\/2871\/revisions\/2874"}],"wp:featuredmedia":[{"embeddable":true,"href":"https:\/\/zonaroja.com.mx\/index.php?rest_route=\/wp\/v2\/media\/2873"}],"wp:attachment":[{"href":"https:\/\/zonaroja.com.mx\/index.php?rest_route=%2Fwp%2Fv2%2Fmedia&parent=2871"}],"wp:term":[{"taxonomy":"category","embeddable":true,"href":"https:\/\/zonaroja.com.mx\/index.php?rest_route=%2Fwp%2Fv2%2Fcategories&post=2871"},{"taxonomy":"post_tag","embeddable":true,"href":"https:\/\/zonaroja.com.mx\/index.php?rest_route=%2Fwp%2Fv2%2Ftags&post=2871"}],"curies":[{"name":"wp","href":"https:\/\/api.w.org\/{rel}","templated":true}]}}