{"id":28710,"date":"2021-06-18T15:13:08","date_gmt":"2021-06-18T20:13:08","guid":{"rendered":"http:\/\/www.zonaroja.com.mx\/?p=28710"},"modified":"2021-06-18T15:13:11","modified_gmt":"2021-06-18T20:13:11","slug":"insisten-vecinos-de-la-colonia-del-maestro-en-negativa-a-funeraria-protestan-contra-ayuntamiento","status":"publish","type":"post","link":"https:\/\/zonaroja.com.mx\/?p=28710","title":{"rendered":"Insisten vecinos de la colonia del Maestro en negativa a funeraria; protestan contra ayuntamiento"},"content":{"rendered":"\n<p>Evlin Arag\u00f3n\/Zona Roja.<\/p>\n\n\n\n<p>Oaxaca de Ju\u00e1rez, Oax., 18 de junio de 2021.- La instalaci\u00f3n de una funeraria en la colonia del Maestro, perteneciente al municipio de Oaxaca de Ju\u00e1rez, sigue generando inconformidad en la poblaci\u00f3n que ah\u00ed habita, prueba de ello la protesta que protagonizaron esta ma\u00f1ana en la sede del ayuntamiento capitalino.&nbsp;<\/p>\n\n\n\n<p>De acuerdo con Yaita Irma Caballero Villa, presidente del Comit\u00e9 de Vida Vecinal (Comvive), a m\u00e1s de un a\u00f1o de que presentaron los oficios dirigidos a la autoridad municipal, en los cuales manifiestan su negativa a la instalaci\u00f3n de la funeraria, no han obtenido una respuesta.&nbsp;<\/p>\n\n\n\n<p>Por el contrario, tienen conocimiento que el municipio, que todav\u00eda encabeza el morenista Oswaldo Garc\u00eda Jarqu\u00edn, est\u00e1 por entregarle la autorizaci\u00f3n a la empresa, pese a la oposici\u00f3n de quienes ah\u00ed habitan, raz\u00f3n por lo que han decidido reactivar sus protestas&nbsp;<\/p>\n\n\n\n<p>\u201cComo colonos, desde el primer momento dijimos no a la instalaci\u00f3n de la funeraria, siempre fue un rotundo no. Sin embargo, la autoridad nos viene dando vueltas y vueltas, sin darnos soluci\u00f3n\u201d, reclam\u00f3 la mujer.<\/p>\n\n\n\n<p>Explic\u00f3 que en un inicio le fue negado el permiso de bajo riesgo a la empresa, raz\u00f3n por la que solicitaron permiso de alto riesgo -que se supone incluye el servicio completo- mismo que est\u00e1 pr\u00f3ximo a autorizarse de acuerdo con los rumores que han circulado, ya que no hay comunicaci\u00f3n con la autoridad.<\/p>\n\n\n\n<figure class=\"wp-block-embed-twitter wp-block-embed is-type-rich is-provider-twitter\"><div class=\"wp-block-embed__wrapper\">\n<div class=\"twitter-tweet\"><blockquote class=\"twitter-tweet\" data-lang=\"es\"><p lang=\"es\" dir=\"ltr\"><a href=\"https:\/\/twitter.com\/hashtag\/%C3%9AltimoMinuto?src=hash&amp;ref_src=twsrc%5Etfw\">#\u00daltimoMinuto<\/a> <br>No cesan las protestas contra el ayuntamiento de Oaxaca de Ju\u00e1rez y del edil <a href=\"https:\/\/twitter.com\/oswaldogarciaj?ref_src=twsrc%5Etfw\">@oswaldogarciaj<\/a>, y ahora por parte de vecinos de la colonia del Maestro, agencia de Santa Rosa Panzacola, que se han opuesto reiteradamente a la instalaci\u00f3n de una funeraria y crematorio. <a href=\"https:\/\/t.co\/enkueESboz\">pic.twitter.com\/enkueESboz<\/a><\/p>&mdash; Zona Roja Oaxaca (@Zona_Roja_Oax) <a href=\"https:\/\/twitter.com\/Zona_Roja_Oax\/status\/1405906450111676423?ref_src=twsrc%5Etfw\">18 de junio de 2021<\/a><\/blockquote><\/div>\n<\/div><\/figure>\n\n\n\n<p>Para las y los vecinos, el gobierno de Oswaldo Garc\u00eda Jarqu\u00edn est\u00e1 jugando con la poblaci\u00f3n y su bienestar, de ah\u00ed que le exigen emita un oficio donde se establezca claramente que no se autoriza la operaci\u00f3n de la funeraria.<\/p>\n\n\n\n<p>As\u00ed mismo evidenciaron que, en la Direcci\u00f3n de Gobierno le \u201cechan la bolita\u201d a la Direcci\u00f3n de Econom\u00eda, la cual asegura que no pueden informar a la poblaci\u00f3n, ya que trata de un tr\u00e1mite es de una empresa privada a la cual le resolver\u00e1n.<\/p>\n\n\n\n<p>Mientras que la Secretar\u00eda de Salud estatal ha dado a conocer que se trata de un tema de car\u00e1cter municipal.<\/p>\n\n\n\n<p>Caballero Villa record\u00f3 que lo \u00fanico que buscan es que prevalezca la salud de quienes habitan en la demarcaci\u00f3n, de ah\u00ed que record\u00f3 que un inter\u00e9s particular no puede estar por encima de la salud de decenas de personas.&nbsp;<\/p>\n\n\n\n<p>Fue desde julio del a\u00f1o pasado, que la poblaci\u00f3n se inconforme por la instalaci\u00f3n de una funeraria de manera irregular, la cual denunciaron realizaba el manejo de cuerpos infectados con Covid-19 sin contar con los permisos sanitarios correspondientes, poniendo en riesgo a las y los vecinos de la zona.&nbsp;<\/p>\n","protected":false},"excerpt":{"rendered":"<p>Evlin Arag\u00f3n\/Zona Roja. Oaxaca de Ju\u00e1rez, Oax., 18 de junio de 2021.- La instalaci\u00f3n de&hellip;<\/p>\n","protected":false},"author":2,"featured_media":28711,"comment_status":"closed","ping_status":"open","sticky":false,"template":"","format":"standard","meta":{"_lmt_disableupdate":"","_lmt_disable":"","_jetpack_memberships_contains_paid_content":false,"footnotes":""},"categories":[109,47],"tags":[2315],"class_list":["post-28710","post","type-post","status-publish","format-standard","has-post-thumbnail","hentry","category-minuto-a-minuto","category-zona-gris","tag-ayuntamiento-de-oaxaca-de-juarez"],"jetpack_featured_media_url":"https:\/\/zonaroja.com.mx\/wp-content\/uploads\/2021\/06\/Protesta-contra-funeraria-ciudad-de-Oaxaca.jpg","jetpack_sharing_enabled":true,"_links":{"self":[{"href":"https:\/\/zonaroja.com.mx\/index.php?rest_route=\/wp\/v2\/posts\/28710","targetHints":{"allow":["GET"]}}],"collection":[{"href":"https:\/\/zonaroja.com.mx\/index.php?rest_route=\/wp\/v2\/posts"}],"about":[{"href":"https:\/\/zonaroja.com.mx\/index.php?rest_route=\/wp\/v2\/types\/post"}],"author":[{"embeddable":true,"href":"https:\/\/zonaroja.com.mx\/index.php?rest_route=\/wp\/v2\/users\/2"}],"replies":[{"embeddable":true,"href":"https:\/\/zonaroja.com.mx\/index.php?rest_route=%2Fwp%2Fv2%2Fcomments&post=28710"}],"version-history":[{"count":1,"href":"https:\/\/zonaroja.com.mx\/index.php?rest_route=\/wp\/v2\/posts\/28710\/revisions"}],"predecessor-version":[{"id":28712,"href":"https:\/\/zonaroja.com.mx\/index.php?rest_route=\/wp\/v2\/posts\/28710\/revisions\/28712"}],"wp:featuredmedia":[{"embeddable":true,"href":"https:\/\/zonaroja.com.mx\/index.php?rest_route=\/wp\/v2\/media\/28711"}],"wp:attachment":[{"href":"https:\/\/zonaroja.com.mx\/index.php?rest_route=%2Fwp%2Fv2%2Fmedia&parent=28710"}],"wp:term":[{"taxonomy":"category","embeddable":true,"href":"https:\/\/zonaroja.com.mx\/index.php?rest_route=%2Fwp%2Fv2%2Fcategories&post=28710"},{"taxonomy":"post_tag","embeddable":true,"href":"https:\/\/zonaroja.com.mx\/index.php?rest_route=%2Fwp%2Fv2%2Ftags&post=28710"}],"curies":[{"name":"wp","href":"https:\/\/api.w.org\/{rel}","templated":true}]}}