{"id":28713,"date":"2021-06-18T15:48:44","date_gmt":"2021-06-18T20:48:44","guid":{"rendered":"http:\/\/www.zonaroja.com.mx\/?p=28713"},"modified":"2021-06-18T15:48:47","modified_gmt":"2021-06-18T20:48:47","slug":"embajada-de-canada-respalda-busqueda-de-justicia-para-maria-del-sol","status":"publish","type":"post","link":"https:\/\/zonaroja.com.mx\/?p=28713","title":{"rendered":"Embajada de Canad\u00e1 respalda b\u00fasqueda de justicia para Mar\u00eda del Sol"},"content":{"rendered":"\n<p>Evlin Arag\u00f3n\/Zona Roja.<\/p>\n\n\n\n<p>Oaxaca de Ju\u00e1rez, Oax., 18 de junio de 2021.- En su m\u00e1s reciente visita la capital oaxaque\u00f1a, el embajador de Canad\u00e1 en M\u00e9xico, Greame C. Clark, se reuni\u00f3 con la periodista Soledad Jarqu\u00edn Edgar e integrantes de Consorcio Oaxaca, a fin de conocer los avances en torno al acceso de justicia para la fotorreportera Mar\u00eda del Sol Cruz Jarqu\u00edn y su familia.&nbsp;<\/p>\n\n\n\n<p>\u201cEl respeto y la protecci\u00f3n de los derechos humanos es una prioridad para el Gobierno de Canad\u00e1. Junto con Consorcio Oaxaca reconocemos la importancia d prevenir e identificar patrones de violencia contra las mujeres\u201d, cito la embajada en sus redes sociales.&nbsp;<\/p>\n\n\n\n<p>De acuerdo con la periodista Soledad Jarqu\u00edn, ha sido la embajada canadiense la que, desde mayo de 2019, mostr\u00f3 su inter\u00e9s en el caso, sosteniendo incluso una reuni\u00f3n con personal de la Fiscal\u00eda, a cargo de Rub\u00e9n Vasconcelos, instancia evidenciada por las ineficiencias para brindar justicia a la familia de la joven asesinada.&nbsp;<\/p>\n\n\n\n<p>Explic\u00f3 que el inter\u00e9s de la embajada permiti\u00f3 que se emitiera una Observaci\u00f3n Pol\u00edtica al gobierno de Oaxaca, a fin de exhortar a sus representantes a poner mayor atenci\u00f3n en el caso y brindar las garant\u00edas necesarias a la familia que busca justicia para Mar\u00eda del Sol.<\/p>\n\n\n\n<figure class=\"wp-block-embed-twitter wp-block-embed is-type-rich is-provider-twitter\"><div class=\"wp-block-embed__wrapper\">\n<div class=\"twitter-tweet\"><blockquote class=\"twitter-tweet\" data-lang=\"es\"><p lang=\"es\" dir=\"ltr\">El respeto y la protecci\u00f3n de los derechos humanos es una prioridad para el Gobierno de Canad\u00e1 \ud83c\udde8\ud83c\udde6. Junto con <a href=\"https:\/\/twitter.com\/consorciooaxaca?ref_src=twsrc%5Etfw\">@consorciooaxaca<\/a> reconocemos la importancia de prevenir e identificar patrones de violencia contra las mujeres. <a href=\"https:\/\/t.co\/bYq0SOu01u\">pic.twitter.com\/bYq0SOu01u<\/a><\/p>&mdash; Canad\u00e1 en M\u00e9xico (@EmbCanMexico) <a href=\"https:\/\/twitter.com\/EmbCanMexico\/status\/1405568345995366400?ref_src=twsrc%5Etfw\">17 de junio de 2021<\/a><\/blockquote><\/div>\n<\/div><\/figure>\n\n\n\n<p>\u201cPlaticamos con el embajador y nos dijo que segu\u00eda sosteniendo el mismo inter\u00e9s en el caso y que siguen haciendo la observaci\u00f3n a las autoridades para que cumplan con sus obligaciones y hagan justicia a Mar\u00eda del Sol\u201d, dijo la periodista.&nbsp;<\/p>\n\n\n\n<p>Incluso, el embajador Greame C. Clark se comprometi\u00f3 a recordarle del caso al gobernador de Oaxaca, Alejandro Murat Hinojosa, con quien sostuvo una reuni\u00f3n como parte de su visita a la capital, a quien dijo le har\u00edan ver que se mantendr\u00e1n como observadores.<\/p>\n\n\n\n<p>Jarqu\u00edn Edgar agradeci\u00f3 las atenciones de la embajada y de su titular, aunque lament\u00f3 que el gobierno de Oaxaca no haya respondido a la observaci\u00f3n que le hicieron en 2019, siendo la Fiscal\u00eda la que mayor resistencia tuvo para atender la solicitud.&nbsp;&nbsp;<\/p>\n\n\n\n<p>\u201cYo agradezco a la embajada de Canad\u00e1 y todas las personas que se han interesado, vamos a seguir visibilizando las irregularidades en el caso y exigiendo justicia para Mar\u00eda del Sol\u201d, dijo.&nbsp;&nbsp;<\/p>\n\n\n\n<p>Finalmente, la periodista asegur\u00f3 que seguir\u00e1 tocando las puertas que sean necesarias hasta obtener justicia para su hija Mar\u00eda del Sol, ello a sabiendas que puede ser hasta la pr\u00f3xima administraci\u00f3n estatal cuando se puedan dar avances de manera contundente en el caso.&nbsp;<\/p>\n","protected":false},"excerpt":{"rendered":"<p>Evlin Arag\u00f3n\/Zona Roja. Oaxaca de Ju\u00e1rez, Oax., 18 de junio de 2021.- En su m\u00e1s&hellip;<\/p>\n","protected":false},"author":2,"featured_media":28714,"comment_status":"closed","ping_status":"open","sticky":false,"template":"","format":"standard","meta":{"_lmt_disableupdate":"","_lmt_disable":"","_jetpack_memberships_contains_paid_content":false,"footnotes":""},"categories":[109,47],"tags":[1059],"class_list":["post-28713","post","type-post","status-publish","format-standard","has-post-thumbnail","hentry","category-minuto-a-minuto","category-zona-gris","tag-maria-del-sol-cruz-jarquin"],"jetpack_featured_media_url":"https:\/\/zonaroja.com.mx\/wp-content\/uploads\/2021\/06\/Soledad-Jarquin-y-embajador-Canada.jpg","jetpack_sharing_enabled":true,"_links":{"self":[{"href":"https:\/\/zonaroja.com.mx\/index.php?rest_route=\/wp\/v2\/posts\/28713","targetHints":{"allow":["GET"]}}],"collection":[{"href":"https:\/\/zonaroja.com.mx\/index.php?rest_route=\/wp\/v2\/posts"}],"about":[{"href":"https:\/\/zonaroja.com.mx\/index.php?rest_route=\/wp\/v2\/types\/post"}],"author":[{"embeddable":true,"href":"https:\/\/zonaroja.com.mx\/index.php?rest_route=\/wp\/v2\/users\/2"}],"replies":[{"embeddable":true,"href":"https:\/\/zonaroja.com.mx\/index.php?rest_route=%2Fwp%2Fv2%2Fcomments&post=28713"}],"version-history":[{"count":1,"href":"https:\/\/zonaroja.com.mx\/index.php?rest_route=\/wp\/v2\/posts\/28713\/revisions"}],"predecessor-version":[{"id":28715,"href":"https:\/\/zonaroja.com.mx\/index.php?rest_route=\/wp\/v2\/posts\/28713\/revisions\/28715"}],"wp:featuredmedia":[{"embeddable":true,"href":"https:\/\/zonaroja.com.mx\/index.php?rest_route=\/wp\/v2\/media\/28714"}],"wp:attachment":[{"href":"https:\/\/zonaroja.com.mx\/index.php?rest_route=%2Fwp%2Fv2%2Fmedia&parent=28713"}],"wp:term":[{"taxonomy":"category","embeddable":true,"href":"https:\/\/zonaroja.com.mx\/index.php?rest_route=%2Fwp%2Fv2%2Fcategories&post=28713"},{"taxonomy":"post_tag","embeddable":true,"href":"https:\/\/zonaroja.com.mx\/index.php?rest_route=%2Fwp%2Fv2%2Ftags&post=28713"}],"curies":[{"name":"wp","href":"https:\/\/api.w.org\/{rel}","templated":true}]}}