{"id":28719,"date":"2021-06-18T16:25:09","date_gmt":"2021-06-18T21:25:09","guid":{"rendered":"http:\/\/www.zonaroja.com.mx\/?p=28719"},"modified":"2021-06-18T16:25:12","modified_gmt":"2021-06-18T21:25:12","slug":"zona-mixe-atrae-a-mas-artistas-despues-de-julieta-venegas-y-mon-laferte-llega-la-santa-cecilia","status":"publish","type":"post","link":"https:\/\/zonaroja.com.mx\/?p=28719","title":{"rendered":"Zona Mixe atrae a m\u00e1s artistas: despu\u00e9s de Julieta Venegas y Mon Laferte, llega \u201cLa Santa Cecilia\u201d"},"content":{"rendered":"\n<p>Evlin Arag\u00f3n\/Zona Roja. Foto: Joaqu\u00edn Galv\u00e1n<\/p>\n\n\n\n<p>Oaxaca de Ju\u00e1rez, Oax., 18 de junio de 2021.- Tras recibir a Julieta Venegas y a Mon Laferte, entre otros artistas de talla internacional, la zona Mixe de Oaxaca da la bienvenida ahora a \u201cLa Santa Cecilia\u201d.<\/p>\n\n\n\n<p>&nbsp;Este viernes la comunidad de San Pedro y San Pablo Ayutla recibi\u00f3 a la banda mexicoamericana, que realizara una colaboraci\u00f3n musical con la reconocida Banda Filarm\u00f3nica Municipal \u201cTukyo\u2019m\u00ebt xuxp\u201d.<\/p>\n\n\n\n<p>La agrupaci\u00f3n integrada por La \u201cMarisoul\u201d Hern\u00e1ndez (voz), Jos\u00e9 \u201cPepe\u201d Carlos (acorde\u00f3n y requinto), Miguel \u00abOso\u00bb Ram\u00edrez (percusi\u00f3n) y Alex Benda\u00f1a (bajo), viaj\u00f3 a la sierra Mixe, en la entidad oaxaque\u00f1a, para conocer el trabajo que realiza la banda infantil y juvenil, adem\u00e1s de colaboraren una melod\u00eda.&nbsp;<\/p>\n\n\n\n<p>\u201cEl d\u00eda de hoy estamos recibiendo a @lasantacecilia en Ayutla, que grabar\u00e1n ya pieza con la Banda Filarm\u00f3nica Municipal. Nos sentimos muy contentos por esta colaboraci\u00f3n en beneficio de la banda Filarm\u00f3nica\u201d, refiri\u00f3 Joaqu\u00edn Galv\u00e1n en sus redes sociales.&nbsp;<\/p>\n\n\n\n<p>La famosa agrupaci\u00f3n, integrada por hija e hijos de migrantes mexicanos, cuenta una d\u00e9cada de trayectoria y siete producciones discogr\u00e1ficas que le han valido tres nominaciones al Grammy Latino, qued\u00e1ndose con el galard\u00f3n en 2013 con su disco \u201cTreinta D\u00edas\u201d, lo que garantiza una colaboraci\u00f3n de alta calidad musical e interpretativa.\u00a0<\/p>\n\n\n\n<figure class=\"wp-block-embed-twitter wp-block-embed is-type-rich is-provider-twitter\"><div class=\"wp-block-embed__wrapper\">\n<div class=\"twitter-tweet\"><blockquote class=\"twitter-tweet\" data-lang=\"es\"><p lang=\"es\" dir=\"ltr\">El d\u00eda de hoy estamos recibiendo a <a href=\"https:\/\/twitter.com\/lasantacecilia?ref_src=twsrc%5Etfw\">@lasantacecilia<\/a> en Ayutla, q grabar\u00e1n una pieza con la Banda Filarm\u00f3nica Municipal. Nos sentimos muy contentos por esta colaboraci\u00f3n en beneficio de la banda Filarm\u00f3nica. Tambi\u00e9n momentos q nos hacen recordar la visita de <a href=\"https:\/\/twitter.com\/julietav?ref_src=twsrc%5Etfw\">@julietav<\/a> <br>Tyoskujuy\u00ebp <a href=\"https:\/\/t.co\/nnN9JSaoXY\">pic.twitter.com\/nnN9JSaoXY<\/a><\/p>&mdash; Joaqu\u00edn Galv\u00e1n (@quinomixe) <a href=\"https:\/\/twitter.com\/quinomixe\/status\/1405905189832323073?ref_src=twsrc%5Etfw\">18 de junio de 2021<\/a><\/blockquote><\/div>\n<\/div><\/figure>\n\n\n\n<p>Apenas el a\u00f1o pasado -en el mes de marzo- las ni\u00f1as, ni\u00f1os y j\u00f3venes que conforman la banda tuvieron una importante colaboraci\u00f3n con la cantante mexicana Julieta Venegas, quien tambi\u00e9n arrib\u00f3 a la poblaci\u00f3n para grabar los temas \u201cMujeres\u201d y \u201cAndamos huyendo\u201d.&nbsp;<\/p>\n\n\n\n<p>Dicha colaboraci\u00f3n se concret\u00f3 meses despu\u00e9s de haber denunciado el robo de sus instrumentos; fue incluso un grupo de amigos de la propia Venegas, quien organiz\u00f3 una campa\u00f1a para ayudar a reponer los instrumentos y fue cuando se habl\u00f3 de la colaboraci\u00f3n con la cantante.&nbsp;<\/p>\n\n\n\n<p>Por otra parte, en los \u00faltimos d\u00edas, el talento musical de las y los artistas de Santa Mar\u00eda Tlahuiltotepec ha trascendido en los medios de comunicaci\u00f3n donde se difundi\u00f3 la reciente colaboraci\u00f3n que hizo la cantante chilena Mon Laferte con las integrantes de la Banda Femenil Regional \u201cMujeres del Viento Florido\u201d.<\/p>\n\n\n\n<p>La m\u00e1s reciente producci\u00f3n de la reconocida cantante titulada \u201cSeis\u201d cuenta con la participaci\u00f3n de la banda mixe en el tema \u201cSe va la vida\u201d, en el cual sobresalen y hacen vibrar los acordes de las mujeres oaxaque\u00f1as.&nbsp;&nbsp;<\/p>\n\n\n\n<p>Mientras que la soprano Mar\u00eda Reyna fue reconocida por la Loter\u00eda Nacional al convertirla en la imagen del billete para el sorteo del pasado 15 de junio, representando dignamente a la cultura mixe y la lengua ayuujk, en el marco del proyecto \u201cCulturas Vivas\u201d, que promueve la instancia desde hace varios meses.&nbsp;&nbsp;<\/p>\n","protected":false},"excerpt":{"rendered":"<p>Evlin Arag\u00f3n\/Zona Roja. Foto: Joaqu\u00edn Galv\u00e1n Oaxaca de Ju\u00e1rez, Oax., 18 de junio de 2021.-&hellip;<\/p>\n","protected":false},"author":2,"featured_media":28720,"comment_status":"closed","ping_status":"open","sticky":false,"template":"","format":"standard","meta":{"_lmt_disableupdate":"","_lmt_disable":"","_jetpack_memberships_contains_paid_content":false,"footnotes":""},"categories":[109,46],"tags":[501],"class_list":["post-28719","post","type-post","status-publish","format-standard","has-post-thumbnail","hentry","category-minuto-a-minuto","category-zona-blanca","tag-san-pedro-y-san-pablo-ayutla-mixe"],"jetpack_featured_media_url":"https:\/\/zonaroja.com.mx\/wp-content\/uploads\/2021\/06\/Ayutla-Mixe.jpg","jetpack_sharing_enabled":true,"_links":{"self":[{"href":"https:\/\/zonaroja.com.mx\/index.php?rest_route=\/wp\/v2\/posts\/28719","targetHints":{"allow":["GET"]}}],"collection":[{"href":"https:\/\/zonaroja.com.mx\/index.php?rest_route=\/wp\/v2\/posts"}],"about":[{"href":"https:\/\/zonaroja.com.mx\/index.php?rest_route=\/wp\/v2\/types\/post"}],"author":[{"embeddable":true,"href":"https:\/\/zonaroja.com.mx\/index.php?rest_route=\/wp\/v2\/users\/2"}],"replies":[{"embeddable":true,"href":"https:\/\/zonaroja.com.mx\/index.php?rest_route=%2Fwp%2Fv2%2Fcomments&post=28719"}],"version-history":[{"count":1,"href":"https:\/\/zonaroja.com.mx\/index.php?rest_route=\/wp\/v2\/posts\/28719\/revisions"}],"predecessor-version":[{"id":28721,"href":"https:\/\/zonaroja.com.mx\/index.php?rest_route=\/wp\/v2\/posts\/28719\/revisions\/28721"}],"wp:featuredmedia":[{"embeddable":true,"href":"https:\/\/zonaroja.com.mx\/index.php?rest_route=\/wp\/v2\/media\/28720"}],"wp:attachment":[{"href":"https:\/\/zonaroja.com.mx\/index.php?rest_route=%2Fwp%2Fv2%2Fmedia&parent=28719"}],"wp:term":[{"taxonomy":"category","embeddable":true,"href":"https:\/\/zonaroja.com.mx\/index.php?rest_route=%2Fwp%2Fv2%2Fcategories&post=28719"},{"taxonomy":"post_tag","embeddable":true,"href":"https:\/\/zonaroja.com.mx\/index.php?rest_route=%2Fwp%2Fv2%2Ftags&post=28719"}],"curies":[{"name":"wp","href":"https:\/\/api.w.org\/{rel}","templated":true}]}}