{"id":28722,"date":"2021-06-18T20:47:42","date_gmt":"2021-06-19T01:47:42","guid":{"rendered":"http:\/\/www.zonaroja.com.mx\/?p=28722"},"modified":"2021-06-18T20:58:26","modified_gmt":"2021-06-19T01:58:26","slug":"comandante-porras-servicio-honor-lealtad","status":"publish","type":"post","link":"https:\/\/zonaroja.com.mx\/?p=28722","title":{"rendered":"\u00a1Comandante Porras!, \u00a1Servicio, honor, lealtad!"},"content":{"rendered":"\n<p>Ismael Garc\u00eda M.\/Zona Roja.<\/p>\n\n\n\n<p>Oaxaca de Ju\u00e1rez, Oax., 18 de junio de 2021.- \u201cEl d\u00eda que yo me muera, no voy a llevarme nada, hay que darle gusto al gusto, la vida pronto se acaba. Lo que pas\u00f3 en este mundo, nom\u00e1s el recuerdo queda, ya muerto voy a llevarme, nom\u00e1s un pu\u00f1o de tierra\u201d.<\/p>\n\n\n\n<p>Mariachis con \u201cUn pu\u00f1o de tierra\u201d, flores blancas, l\u00e1grimas y muchos recuerdos y aplausos. As\u00ed fue la despedida del \u201cComandante Porras\u201d, Miguel \u00c1ngel Garc\u00eda Porras.<\/p>\n\n\n\n<p>Ah\u00ed estaba la familia, al pie del f\u00e9retro de madera. Ah\u00ed estaban sus compa\u00f1eros y jefes de la Polic\u00eda Vial Estatal, en una fr\u00eda y lluviosa ma\u00f1ana de viernes, para despedir al hombre que perdi\u00f3 la vida de manera tr\u00e1gica, en un accidente carretero en la regi\u00f3n del Istmo.<\/p>\n\n\n\n<p>Desde las nueve de la ma\u00f1ana se alist\u00f3 todo, frente a la sede de la corporaci\u00f3n, en la avenida Ferrocarril de la capital.<\/p>\n\n\n\n<p>Tristeza en la familia, la personal y la laboral del \u201cComandante Porras\u201d. Regres\u00f3 a su tierra natal, luego de peregrinar por varias comandancias de la Polic\u00eda Vial, recogiendo experiencias, compartiendo experiencias.<\/p>\n\n\n\n<p>\u201cEsta ma\u00f1ana damos el \u00faltimo adi\u00f3s al Miguel \u00c1ngel Garc\u00eda Porras. \u00daltimo pase de lista de quien se desempe\u00f1aba como comandante de la Polic\u00eda Vial en el Istmo de Tehuantepec.<\/p>\n\n\n\n<p>\u201cCon profunda pena despedimos a un entra\u00f1able compa\u00f1ero, con la inesperada partida de Miguel \u00c1ngel, Oaxaca pierde a un gran ser humano, a un eficiente servidor p\u00fablico, a un polic\u00eda \u00edntegro.<\/p>\n\n\n\n<p>\u201c\u00c9l fue una persona querida y admirada tanto por sus superiores como por sus subalternos\u201d, son las palabras de Heliodoro D\u00edaz Esc\u00e1rraga, secretario de Seguridad P\u00fablica.<\/p>\n\n\n\n<p>Palabras que arrancan m\u00e1s l\u00e1grimas a la familia del \u201cComandante Porras\u201d, entre ellas la se\u00f1ora Alejandra Trinidad.<\/p>\n\n\n\n<p>\u201cFue un hombre como todos nosotros, con virtudes y defectos, un hombre que por encima de todo am\u00f3 su profesi\u00f3n, en un servicio por m\u00e1s de 28 a\u00f1os\u201d, destaca el responsable de la seguridad en el estado.<\/p>\n\n\n\n<p>Luego la Bandera Mexicana, que el director de la Polic\u00eda Vial, David Antonio, entrega a D\u00edaz Esc\u00e1rraga, quien a su vez pone el L\u00e1baro en manos de la familia, con m\u00e1s sentidas palabras.<\/p>\n\n\n\n<p>\u201c\u00a1Miguel Garc\u00eda Porras! \u00a1Servicio, honor, lealtad! \u00a1Miguel Garc\u00eda Porras! \u00a1Servicio, honor, lealtad! \u00a1Miguel Garc\u00eda Porras! \u00a1Servicio, honor, lealtad! \u00a1Presente!<\/p>\n\n\n\n<figure class=\"wp-block-embed-twitter wp-block-embed is-type-rich is-provider-twitter\"><div class=\"wp-block-embed__wrapper\">\n<div class=\"twitter-tweet\"><blockquote class=\"twitter-tweet\" data-lang=\"es\"><p lang=\"es\" dir=\"ltr\"><a href=\"https:\/\/twitter.com\/hashtag\/%C3%9AltimoMinuto?src=hash&amp;ref_src=twsrc%5Etfw\">#\u00daltimoMinuto<\/a> <br>En la sede de la <a href=\"https:\/\/twitter.com\/PolVial_GobOax?ref_src=twsrc%5Etfw\">@PolVial_GobOax<\/a>, el titular de la <a href=\"https:\/\/twitter.com\/SSP_GobOax?ref_src=twsrc%5Etfw\">@SSP_GobOax<\/a>, <a href=\"https:\/\/twitter.com\/Heliodoro_hcde?ref_src=twsrc%5Etfw\">@Heliodoro_hcde<\/a>, encabez\u00f3 una ceremonia de homenaje al comandante Miguel \u00c1ngel Garc\u00eda, acaecido en un accidente en la regi\u00f3n del Istmo. <a href=\"https:\/\/t.co\/IsHKbwnWs6\">pic.twitter.com\/IsHKbwnWs6<\/a><\/p>&mdash; Zona Roja Oaxaca (@Zona_Roja_Oax) <a href=\"https:\/\/twitter.com\/Zona_Roja_Oax\/status\/1405933746323218432?ref_src=twsrc%5Etfw\">18 de junio de 2021<\/a><\/blockquote><\/div>\n<\/div><\/figure>\n\n\n\n<p>VASTA EXPERIENCIA<\/p>\n\n\n\n<p>\u201cTe vas \u00e1ngel m\u00edo, ya vas a partir, dejando mi alma herida, y un coraz\u00f3n a sufrir. Te vas y me dejas, un inmenso dolor, recuerdo inolvidable, me ha quedado de tu amor\u2026\u201d, la m\u00fasica del mariachi para despedir al hombre, al servidor p\u00fablico comprometido.<\/p>\n\n\n\n<p>Y el ulular de las sirenas, que por mucho tiempo acompa\u00f1\u00f3 al \u201cComandante Porras\u201d, a lo largo y ancho de su vida y de su trabajo. F\u00e9retro en la carroza, hacia su \u00faltima morada: \u00a1Adi\u00f3s \u201cComandante Porras!\u201d.<\/p>\n\n\n\n<p>As\u00ed fue como mandos operativos e integrantes de la Secretar\u00eda de Seguridad P\u00fablica de Oaxaca (SSPO), rindieron un homenaje p\u00f3stumo al Comandante Regional de la Polic\u00eda Vial Estatal en el Istmo de Tehuantepec, Miguel \u00c1ngel Garc\u00eda Porras, quien falleci\u00f3 la madrugada de este jueves en un accidente automovil\u00edstico.<\/p>\n\n\n\n<p>Compa\u00f1eros e integrantes de la Polic\u00eda Vial Estatal dieron el recibimiento del cortejo f\u00fanebre y se brind\u00f3 el toque de silencio por parte de la Banda de Guerra de la Polic\u00eda Auxiliar, Bancaria, Industrial y Comercial (PABIC).<\/p>\n\n\n\n<p>En la ceremonia, se rindieron guardias de honor por mandos superiores, medios y personal de esta corporaci\u00f3n; de igual manera, el \u00faltimo pase de lista para el Comandante Regional y la entrega de la Bandera Nacional a sus familiares.<\/p>\n\n\n\n<p>Durante su trayectoria profesional, el \u00abComandante Porras\u00bb, como era mejor conocido al interior de la corporaci\u00f3n, realiz\u00f3 una serie de cursos y talleres que lo llevaron a ocupar la delegaci\u00f3n de tr\u00e1nsito en el Istmo de Tehuantepec; as\u00ed como cambios de adscripci\u00f3n en las delegaciones de Mat\u00edas Romero, Jalapa de D\u00edaz, Tapanatepec, Loma Bonita, San Pedro y San Pablo Teposcolula, Teotitl\u00e1n de Flores Mag\u00f3n, Santiago Juxtlahuaca y Ciudad Ixtepec.<\/p>\n\n\n\n<figure class=\"wp-block-embed-twitter wp-block-embed is-type-rich is-provider-twitter\"><div class=\"wp-block-embed__wrapper\">\n<div class=\"twitter-tweet\"><blockquote class=\"twitter-tweet\" data-lang=\"es\"><p lang=\"es\" dir=\"ltr\">En la Direcci\u00f3n General de la <a href=\"https:\/\/twitter.com\/PolVial_GobOax?ref_src=twsrc%5Etfw\">@PolVial_GobOax<\/a> rendimos homenaje y guardia de honor a nuestro compa\u00f1ero CMDTE. Miguel \u00c1ngel Garc\u00eda Porras.<br><br>Que descanse en paz.  <a href=\"https:\/\/twitter.com\/hashtag\/Oaxaca?src=hash&amp;ref_src=twsrc%5Etfw\">#Oaxaca<\/a> <a href=\"https:\/\/t.co\/6tgXb3QS4X\">pic.twitter.com\/6tgXb3QS4X<\/a><\/p>&mdash; Sr\u00eda. Seg. P\u00fab. Oax. (@SSP_GobOax) <a href=\"https:\/\/twitter.com\/SSP_GobOax\/status\/1405926550160044033?ref_src=twsrc%5Etfw\">18 de junio de 2021<\/a><\/blockquote><\/div>\n<\/div><\/figure>\n","protected":false},"excerpt":{"rendered":"<p>Ismael Garc\u00eda M.\/Zona Roja. Oaxaca de Ju\u00e1rez, Oax., 18 de junio de 2021.- \u201cEl d\u00eda&hellip;<\/p>\n","protected":false},"author":2,"featured_media":28723,"comment_status":"closed","ping_status":"open","sticky":false,"template":"","format":"standard","meta":{"_lmt_disableupdate":"","_lmt_disable":"","_jetpack_memberships_contains_paid_content":false,"footnotes":""},"categories":[48],"tags":[],"class_list":["post-28722","post","type-post","status-publish","format-standard","has-post-thumbnail","hentry","category-zona-critica"],"jetpack_featured_media_url":"https:\/\/zonaroja.com.mx\/wp-content\/uploads\/2021\/06\/HOMENAJE-SSPO-4.jpeg","jetpack_sharing_enabled":true,"_links":{"self":[{"href":"https:\/\/zonaroja.com.mx\/index.php?rest_route=\/wp\/v2\/posts\/28722","targetHints":{"allow":["GET"]}}],"collection":[{"href":"https:\/\/zonaroja.com.mx\/index.php?rest_route=\/wp\/v2\/posts"}],"about":[{"href":"https:\/\/zonaroja.com.mx\/index.php?rest_route=\/wp\/v2\/types\/post"}],"author":[{"embeddable":true,"href":"https:\/\/zonaroja.com.mx\/index.php?rest_route=\/wp\/v2\/users\/2"}],"replies":[{"embeddable":true,"href":"https:\/\/zonaroja.com.mx\/index.php?rest_route=%2Fwp%2Fv2%2Fcomments&post=28722"}],"version-history":[{"count":2,"href":"https:\/\/zonaroja.com.mx\/index.php?rest_route=\/wp\/v2\/posts\/28722\/revisions"}],"predecessor-version":[{"id":28725,"href":"https:\/\/zonaroja.com.mx\/index.php?rest_route=\/wp\/v2\/posts\/28722\/revisions\/28725"}],"wp:featuredmedia":[{"embeddable":true,"href":"https:\/\/zonaroja.com.mx\/index.php?rest_route=\/wp\/v2\/media\/28723"}],"wp:attachment":[{"href":"https:\/\/zonaroja.com.mx\/index.php?rest_route=%2Fwp%2Fv2%2Fmedia&parent=28722"}],"wp:term":[{"taxonomy":"category","embeddable":true,"href":"https:\/\/zonaroja.com.mx\/index.php?rest_route=%2Fwp%2Fv2%2Fcategories&post=28722"},{"taxonomy":"post_tag","embeddable":true,"href":"https:\/\/zonaroja.com.mx\/index.php?rest_route=%2Fwp%2Fv2%2Ftags&post=28722"}],"curies":[{"name":"wp","href":"https:\/\/api.w.org\/{rel}","templated":true}]}}