{"id":28726,"date":"2021-06-18T21:21:59","date_gmt":"2021-06-19T02:21:59","guid":{"rendered":"http:\/\/www.zonaroja.com.mx\/?p=28726"},"modified":"2021-06-18T21:22:02","modified_gmt":"2021-06-19T02:22:02","slug":"se-entrega-diego-armando-el-que-arrollo-a-dos-jovenes-en-la-cdmx","status":"publish","type":"post","link":"https:\/\/zonaroja.com.mx\/?p=28726","title":{"rendered":"Se entrega Diego Armando, el que arroll\u00f3 a dos j\u00f3venes en la Cdmx"},"content":{"rendered":"\n<p>Redacci\u00f3n\/Zona Roja Cdmx.<\/p>\n\n\n\n<p>Ciudad de M\u00e9xico, 18 de junio de 2021.- Diego Armando Helguera, quien es acusado por feminicidio en grado de tentativa, se entreg\u00f3 hoy en la Fiscal\u00eda General de Justicia de la Ciudad de M\u00e9xico, acompa\u00f1ado de sus familiares.<\/p>\n\n\n\n<p>El fin de semana pasada, despu\u00e9s de que lo corrieron de una fiesta en Iztacalco, atropell\u00f3 a Fernanda Olivares y Fernanda Cuadra; aparentemente estaba en estado de ebriedad.<\/p>\n\n\n\n<p>La Fiscal\u00eda General de Justicia de la Ciudad de M\u00e9xico integr\u00f3 una carpeta de investigaci\u00f3n por el delito de tentativa de feminicidio, con la finalidad de judicializarla a la brevedad, luego de tomar conocimiento de las lesiones por atropellamiento en agravio de dos mujeres, en hechos ocurridos en la colonia Viaducto Piedad, alcald\u00eda Iztacalco, el pasado 12 de junio.<\/p>\n\n\n\n<p>Personal de la Polic\u00eda de Investigaci\u00f3n (PDI) recab\u00f3 entrevistas con testigos, videograbaciones de c\u00e1maras de seguridad privadas y del Centro de Control y Comando C4.<\/p>\n\n\n\n<p>En tanto, peritos en criminal\u00edstica, fotograf\u00eda, qu\u00edmica y tr\u00e1nsito terrestre, adscritos a la Coordinaci\u00f3n de Investigaci\u00f3n Forense y Servicios Periciales recogieron indicios a fin de esclarecer los hechos.<\/p>\n\n\n\n<p>A la carpeta de investigaci\u00f3n se agregaron las notificaciones m\u00e9dico legales de los distintos hospitales donde fueron trasladadas las v\u00edctimas; testimoniales se\u00f1alan al conductor de un veh\u00edculo Ford, tipo Focus, como el probable responsable.<\/p>\n\n\n\n<figure class=\"wp-block-embed-twitter wp-block-embed is-type-rich is-provider-twitter\"><div class=\"wp-block-embed__wrapper\">\n<div class=\"twitter-tweet\"><blockquote class=\"twitter-tweet\" data-lang=\"es\"><p lang=\"es\" dir=\"ltr\"><a href=\"https:\/\/twitter.com\/hashtag\/JusticiaParaFerYPolly?src=hash&amp;ref_src=twsrc%5Etfw\">#JusticiaParaFerYPolly<\/a> <br>\u201c\u00a1Que el pap\u00e1 entregue a su hijo!\u201d, fue el clamor ayer en la Cdmx. <br>El tutor oy\u00f3 la s\u00faplica y hoy llev\u00f3 a Diego Armando Helguera ente la justicia, acusado de intento de feminicidio contra dos j\u00f3venes. <a href=\"https:\/\/t.co\/5Gh4pkOLYo\">pic.twitter.com\/5Gh4pkOLYo<\/a><\/p>&mdash; Zona Roja Oaxaca (@Zona_Roja_Oax) <a href=\"https:\/\/twitter.com\/Zona_Roja_Oax\/status\/1406072794832687105?ref_src=twsrc%5Etfw\">19 de junio de 2021<\/a><\/blockquote><\/div>\n<\/div><\/figure>\n\n\n\n<p>D\u00edas despu\u00e9s, ante el posible riesgo que podr\u00edan enfrentar dos mujeres, quienes en d\u00edas pasados fueron arrolladas por un veh\u00edculo en la colonia Viaducto Piedad, Iztacalco, el agente del Ministerio P\u00fablico de la Fiscal\u00eda General de Justicia de la Ciudad de M\u00e9xico (FGJ) decret\u00f3 brindarles medidas de protecci\u00f3n.<\/p>\n\n\n\n<p>El representante social de la Fiscal\u00eda de Investigaci\u00f3n Territorial en Iztacalco, quien judicializ\u00f3 la carpeta de investigaci\u00f3n por tentativa de feminicidio, gir\u00f3 un oficio a la Secretar\u00eda de Seguridad Ciudadana (SSC) para que dichas medidas sean otorgadas a favor de ambas personas.<\/p>\n\n\n\n<p>Personal de la Direcci\u00f3n General de Atenci\u00f3n a V\u00edctimas de la Coordinaci\u00f3n General de Investigaci\u00f3n de Delitos de G\u00e9nero y Atenci\u00f3n a V\u00edctimas se mantiene en contacto con familiares de las agraviadas, a fin de brindarles el acompa\u00f1amiento correspondiente.<\/p>\n\n\n\n<p>(Informaci\u00f3n de \u00abEl Heraldo de M\u00e9xico\u00bb)<\/p>\n","protected":false},"excerpt":{"rendered":"<p>Redacci\u00f3n\/Zona Roja Cdmx. Ciudad de M\u00e9xico, 18 de junio de 2021.- Diego Armando Helguera, quien&hellip;<\/p>\n","protected":false},"author":2,"featured_media":28727,"comment_status":"closed","ping_status":"open","sticky":false,"template":"","format":"standard","meta":{"_lmt_disableupdate":"","_lmt_disable":"","_jetpack_memberships_contains_paid_content":false,"footnotes":""},"categories":[1],"tags":[],"class_list":["post-28726","post","type-post","status-publish","format-standard","has-post-thumbnail","hentry","category-sin-categoria"],"jetpack_featured_media_url":"https:\/\/zonaroja.com.mx\/wp-content\/uploads\/2021\/06\/Diego-Armando-Helguera.jpg","jetpack_sharing_enabled":true,"_links":{"self":[{"href":"https:\/\/zonaroja.com.mx\/index.php?rest_route=\/wp\/v2\/posts\/28726","targetHints":{"allow":["GET"]}}],"collection":[{"href":"https:\/\/zonaroja.com.mx\/index.php?rest_route=\/wp\/v2\/posts"}],"about":[{"href":"https:\/\/zonaroja.com.mx\/index.php?rest_route=\/wp\/v2\/types\/post"}],"author":[{"embeddable":true,"href":"https:\/\/zonaroja.com.mx\/index.php?rest_route=\/wp\/v2\/users\/2"}],"replies":[{"embeddable":true,"href":"https:\/\/zonaroja.com.mx\/index.php?rest_route=%2Fwp%2Fv2%2Fcomments&post=28726"}],"version-history":[{"count":1,"href":"https:\/\/zonaroja.com.mx\/index.php?rest_route=\/wp\/v2\/posts\/28726\/revisions"}],"predecessor-version":[{"id":28728,"href":"https:\/\/zonaroja.com.mx\/index.php?rest_route=\/wp\/v2\/posts\/28726\/revisions\/28728"}],"wp:featuredmedia":[{"embeddable":true,"href":"https:\/\/zonaroja.com.mx\/index.php?rest_route=\/wp\/v2\/media\/28727"}],"wp:attachment":[{"href":"https:\/\/zonaroja.com.mx\/index.php?rest_route=%2Fwp%2Fv2%2Fmedia&parent=28726"}],"wp:term":[{"taxonomy":"category","embeddable":true,"href":"https:\/\/zonaroja.com.mx\/index.php?rest_route=%2Fwp%2Fv2%2Fcategories&post=28726"},{"taxonomy":"post_tag","embeddable":true,"href":"https:\/\/zonaroja.com.mx\/index.php?rest_route=%2Fwp%2Fv2%2Ftags&post=28726"}],"curies":[{"name":"wp","href":"https:\/\/api.w.org\/{rel}","templated":true}]}}