{"id":28735,"date":"2021-06-19T07:12:54","date_gmt":"2021-06-19T12:12:54","guid":{"rendered":"http:\/\/www.zonaroja.com.mx\/?p=28735"},"modified":"2021-06-19T07:12:56","modified_gmt":"2021-06-19T12:12:56","slug":"masacre-en-nochixtlan-cumple-cinco-anos-y-no-hay-ningun-sentenciado","status":"publish","type":"post","link":"https:\/\/zonaroja.com.mx\/?p=28735","title":{"rendered":"Masacre en Nochixtl\u00e1n cumple cinco a\u00f1os\u2026 y no hay ning\u00fan sentenciado"},"content":{"rendered":"\n<p>Redacci\u00f3n\/Zona Roja. Foto: Archivo<\/p>\n\n\n\n<p>Oaxaca de Ju\u00e1rez, Oax., 19 de junio de 2021.- Este s\u00e1bado 19 de junio se cumplen cinco a\u00f1os de la agresi\u00f3n que sufri\u00f3 la comunidad de Asunci\u00f3n Nochixtl\u00e1n, Oaxaca, de manos de la polic\u00eda estatal y federal y que dej\u00f3 como saldo al menos ocho personas fallecidas.<\/p>\n\n\n\n<p>Sin embargo, aunque varios ex funcionarios estatales y federales han sido llamados a comparecer por parte de la Fiscal\u00eda General de la Rep\u00fablica (FGR), hasta el momento no hay ninguna persona bajo proceso ni mucho menos sentenciada.<\/p>\n\n\n\n<p>La revuelta, que se extendi\u00f3 en inmediaciones de San Pablo Huitzo y en la agencia de Trinidad de Viguera de la ciudad de Oaxaca, sucedi\u00f3 en el contexto de la protesta magisterial en contra de la Reforma Educativa, impulsada por el gobierno del entonces Presidente Enrique Pe\u00f1a Nieto.<\/p>\n\n\n\n<p>De acuerdo con la asociaci\u00f3n civil Servicios para una Educaci\u00f3n Alternativa (Educa), el saldo de este operativo represivo, que dur\u00f3 m\u00e1s de 14 horas, fue de ocho personas fallecidas, 226 personas lesionadas y m\u00e1s de 20 presos torturados, esto mayoritariamente en Nochixtl\u00e1n.<\/p>\n\n\n\n<p>\u201cDespu\u00e9s de un lustro, a\u00fan no se ha hecho justicia. Al contrario, algunos mandos del fallido desalojo en Nochixtl\u00e1n fueron candidatos en las elecciones pasadas\u201d, remarc\u00f3 Educa.<\/p>\n\n\n\n<p>Expuso que la coalici\u00f3n PRI, PAN y PRD postul\u00f3 en San Luis Potos\u00ed a Enrique Francisco Galindo Ceballos, ex titular de la Polic\u00eda Federal; mientras que Morena postul\u00f3 en Campeche a Renato Sales Heredia, ex Comisionado Nacional de Seguridad durante el sexenio de Pe\u00f1a Nieto.<\/p>\n\n\n\n<p>La Secci\u00f3n 22 de la CNTE-SNTE as\u00ed como el Comit\u00e9 de V\u00edctimas de Nochixtl\u00e1n (Covic) llamaron a una movilizaci\u00f3n masiva en Nochixtl\u00e1n en la ma\u00f1ana de este s\u00e1bado, a la que le sigue una misa y en la tarde un foro internacional sobre el tema \u201cLa lucha hist\u00f3rica de justicia en M\u00e9xico y Guatemala\u201d.<\/p>\n\n\n\n<p>Para conmemorar estos tr\u00e1gicos acontecimientos, este s\u00e1bado en Radio Universidad se transmitir\u00e1 \u201cVoces un material in\u00e9dito elaborado por la Defensor\u00eda de los Derechos Humanos del Pueblo de Oaxaca, esto a las 09:00 horas por el 91.5 de FM.<\/p>\n\n\n\n<p>EL RECUENTO<\/p>\n\n\n\n<p>Seg\u00fan detalla Educa, despu\u00e9s de 145 entrevistas a v\u00edctimas y testigos del operativo realizado en Oaxaca, el pasado 19 de junio, y la investigaci\u00f3n con fuentes oficiales, cuatro organizaciones sociales concluyeron que los polic\u00edas que participaron en los hechos cometieron ocho tipos de violaciones a los derechos humanos, evidenciando adem\u00e1s que el gobierno federal no ha investigado de manera expedita ni resarcido los da\u00f1os a las v\u00edctimas y sus familias.<\/p>\n\n\n\n<p>As\u00ed lo establecieron en el mismo 2016 el Comit\u00e9 de Defensa Integral de Derechos Humanos \u201cGobixha\u201d, Fundar, el Consorcio para el Di\u00e1logo Parlamentario y la Equidad Oaxaca y Luna del Sur, en el informe: \u201cOperativo Oaxaca, 19 de Junio\u201d, en las que se documentan las violaciones a derechos humanos ocurridas en Nochixtl\u00e1n, Huitzo, Telixtlahuaca, Hacianda Blanca y Viguera.<\/p>\n\n\n\n<p>Aunque la atenci\u00f3n ha estado centrada en el operativo, las organizaciones sociales documentaron los casos de 81 v\u00edctimas m\u00e1s, incluidos heridos de bala, en Huitzo y Telixtlahuaca, poblados por los que el convoy policiaco tom\u00f3 ruta de regreso hacia Oaxaca despu\u00e9s del enfrentamiento en Nochixtl\u00e1n. En el nuevo informe de los hechos se contabilizan 226 civiles heridos.<\/p>\n","protected":false},"excerpt":{"rendered":"<p>Redacci\u00f3n\/Zona Roja. Foto: Archivo Oaxaca de Ju\u00e1rez, Oax., 19 de junio de 2021.- Este s\u00e1bado&hellip;<\/p>\n","protected":false},"author":2,"featured_media":1695,"comment_status":"closed","ping_status":"open","sticky":false,"template":"","format":"standard","meta":{"_lmt_disableupdate":"","_lmt_disable":"","_jetpack_memberships_contains_paid_content":false,"footnotes":""},"categories":[109,47],"tags":[249],"class_list":["post-28735","post","type-post","status-publish","format-standard","has-post-thumbnail","hentry","category-minuto-a-minuto","category-zona-gris","tag-comite-de-victimas-nochixtlan"],"jetpack_featured_media_url":"https:\/\/zonaroja.com.mx\/wp-content\/uploads\/2019\/06\/IMG_1319.jpg","jetpack_sharing_enabled":true,"_links":{"self":[{"href":"https:\/\/zonaroja.com.mx\/index.php?rest_route=\/wp\/v2\/posts\/28735","targetHints":{"allow":["GET"]}}],"collection":[{"href":"https:\/\/zonaroja.com.mx\/index.php?rest_route=\/wp\/v2\/posts"}],"about":[{"href":"https:\/\/zonaroja.com.mx\/index.php?rest_route=\/wp\/v2\/types\/post"}],"author":[{"embeddable":true,"href":"https:\/\/zonaroja.com.mx\/index.php?rest_route=\/wp\/v2\/users\/2"}],"replies":[{"embeddable":true,"href":"https:\/\/zonaroja.com.mx\/index.php?rest_route=%2Fwp%2Fv2%2Fcomments&post=28735"}],"version-history":[{"count":1,"href":"https:\/\/zonaroja.com.mx\/index.php?rest_route=\/wp\/v2\/posts\/28735\/revisions"}],"predecessor-version":[{"id":28736,"href":"https:\/\/zonaroja.com.mx\/index.php?rest_route=\/wp\/v2\/posts\/28735\/revisions\/28736"}],"wp:featuredmedia":[{"embeddable":true,"href":"https:\/\/zonaroja.com.mx\/index.php?rest_route=\/wp\/v2\/media\/1695"}],"wp:attachment":[{"href":"https:\/\/zonaroja.com.mx\/index.php?rest_route=%2Fwp%2Fv2%2Fmedia&parent=28735"}],"wp:term":[{"taxonomy":"category","embeddable":true,"href":"https:\/\/zonaroja.com.mx\/index.php?rest_route=%2Fwp%2Fv2%2Fcategories&post=28735"},{"taxonomy":"post_tag","embeddable":true,"href":"https:\/\/zonaroja.com.mx\/index.php?rest_route=%2Fwp%2Fv2%2Ftags&post=28735"}],"curies":[{"name":"wp","href":"https:\/\/api.w.org\/{rel}","templated":true}]}}