{"id":28737,"date":"2021-06-19T07:32:33","date_gmt":"2021-06-19T12:32:33","guid":{"rendered":"http:\/\/www.zonaroja.com.mx\/?p=28737"},"modified":"2021-06-19T07:32:36","modified_gmt":"2021-06-19T12:32:36","slug":"registra-la-capital-de-oaxaca-otro-asesinato-por-disparo-de-arma-de-fuego","status":"publish","type":"post","link":"https:\/\/zonaroja.com.mx\/?p=28737","title":{"rendered":"Registra la capital de Oaxaca otro asesinato por disparo de arma de fuego"},"content":{"rendered":"\n<p>Redacci\u00f3n\/Zona Roja.<\/p>\n\n\n\n<p>Oaxaca de Ju\u00e1rez, Oax., 19 de junio de 2021.- Una persona del sexo masculino fue asesinada a balazos la madrugada de este s\u00e1bado en el municipio de Oaxaca de Ju\u00e1rez.<\/p>\n\n\n\n<p>El crimen se perpetr\u00f3 minutos antes de las 04:00 horas en el exterior del sal\u00f3n social \u201cQuinta Amarantos\u201d, ubicada en la carretera que conduce a Santa Mar\u00eda Atzompa, cerca del centro comercial Plaza Bella, en jurisdicci\u00f3n de la agencia de Montoya.<\/p>\n\n\n\n<p>Sujetos desconocidos dispararon en contra del individuo, hasta ahora no identificado, presuntamente tras un asalto; en el sal\u00f3n social se llevaba a cabo una fiesta.<\/p>\n\n\n\n<p>Param\u00e9dicos de la Cruz Roja Mexicana arribaron al sitio para atender a la v\u00edctima, pero corrobor\u00f3 que ya hab\u00eda perdido la vida. Tras ello, personal de la Fiscal\u00eda General del Estado de Oaxaca inici\u00f3 las primeras indagatorias.<\/p>\n","protected":false},"excerpt":{"rendered":"<p>Redacci\u00f3n\/Zona Roja. Oaxaca de Ju\u00e1rez, Oax., 19 de junio de 2021.- Una persona del sexo&hellip;<\/p>\n","protected":false},"author":2,"featured_media":7486,"comment_status":"closed","ping_status":"open","sticky":false,"template":"","format":"standard","meta":{"_lmt_disableupdate":"","_lmt_disable":"","_jetpack_memberships_contains_paid_content":false,"footnotes":""},"categories":[109,51],"tags":[148],"class_list":["post-28737","post","type-post","status-publish","format-standard","has-post-thumbnail","hentry","category-minuto-a-minuto","category-zona-roja","tag-oaxaca-de-juarez"],"jetpack_featured_media_url":"https:\/\/zonaroja.com.mx\/wp-content\/uploads\/2020\/01\/Escena-del-crimen7.jpg","jetpack_sharing_enabled":true,"_links":{"self":[{"href":"https:\/\/zonaroja.com.mx\/index.php?rest_route=\/wp\/v2\/posts\/28737","targetHints":{"allow":["GET"]}}],"collection":[{"href":"https:\/\/zonaroja.com.mx\/index.php?rest_route=\/wp\/v2\/posts"}],"about":[{"href":"https:\/\/zonaroja.com.mx\/index.php?rest_route=\/wp\/v2\/types\/post"}],"author":[{"embeddable":true,"href":"https:\/\/zonaroja.com.mx\/index.php?rest_route=\/wp\/v2\/users\/2"}],"replies":[{"embeddable":true,"href":"https:\/\/zonaroja.com.mx\/index.php?rest_route=%2Fwp%2Fv2%2Fcomments&post=28737"}],"version-history":[{"count":1,"href":"https:\/\/zonaroja.com.mx\/index.php?rest_route=\/wp\/v2\/posts\/28737\/revisions"}],"predecessor-version":[{"id":28738,"href":"https:\/\/zonaroja.com.mx\/index.php?rest_route=\/wp\/v2\/posts\/28737\/revisions\/28738"}],"wp:featuredmedia":[{"embeddable":true,"href":"https:\/\/zonaroja.com.mx\/index.php?rest_route=\/wp\/v2\/media\/7486"}],"wp:attachment":[{"href":"https:\/\/zonaroja.com.mx\/index.php?rest_route=%2Fwp%2Fv2%2Fmedia&parent=28737"}],"wp:term":[{"taxonomy":"category","embeddable":true,"href":"https:\/\/zonaroja.com.mx\/index.php?rest_route=%2Fwp%2Fv2%2Fcategories&post=28737"},{"taxonomy":"post_tag","embeddable":true,"href":"https:\/\/zonaroja.com.mx\/index.php?rest_route=%2Fwp%2Fv2%2Ftags&post=28737"}],"curies":[{"name":"wp","href":"https:\/\/api.w.org\/{rel}","templated":true}]}}