{"id":28742,"date":"2021-06-19T08:05:36","date_gmt":"2021-06-19T13:05:36","guid":{"rendered":"http:\/\/www.zonaroja.com.mx\/?p=28742"},"modified":"2021-06-19T08:05:38","modified_gmt":"2021-06-19T13:05:38","slug":"condena-cndh-crimenes-de-periodistas-en-oaxaca-y-edomex-asi-como-inaccion-oficial","status":"publish","type":"post","link":"https:\/\/zonaroja.com.mx\/?p=28742","title":{"rendered":"Condena CNDH cr\u00edmenes de periodistas en Oaxaca y Edomex, as\u00ed como inacci\u00f3n oficial"},"content":{"rendered":"\n<p>Redacci\u00f3n\/Zona Roja.<\/p>\n\n\n\n<p>Oaxaca de Ju\u00e1rez, Oax., 19 de junio de 2021.- La Comisi\u00f3n Nacional de los Derechos Humanos (CNDH) conden\u00f3 los asesinatos de los periodistas Gustavo S\u00e1nchez Cabrera y Enrique Garc\u00eda Garc\u00eda, ocurridos el 16 y 17 de junio en Oaxaca y el Estado de M\u00e9xico, respectivamente.<\/p>\n\n\n\n<p>Pero adem\u00e1s, critic\u00f3 la escasa coordinaci\u00f3n entre las autoridades de los tres niveles de gobierno para proteger a los trabajadores de los medios de comunicaci\u00f3n cuando se encuentran en riesgo sus vidas:<\/p>\n\n\n\n<p>\u201cReitera su preocupaci\u00f3n por la ausencia de efectividad, eficiencia y vigencia de acciones, pol\u00edticas p\u00fablicas y estrategias oficiales, coordinadas y adecuadas, por parte de las instancias de los tres \u00f3rdenes de gobierno del Estado mexicano, tendentes a prevenir agresiones, incidentes y riesgos.<\/p>\n\n\n\n<p>\u201cAs\u00ed como para garantizar la vida, seguridad e integridad personal de las personas periodistas y colaboradores de los espacios informativos, pues dichos eventos, en los casos que han sido concretados, constituyen un obst\u00e1culo, silencian e inhiben el pleno ejercicio del derecho a la libertad de expresi\u00f3n en nuestro pa\u00eds\u201d.<\/p>\n\n\n\n<p>Expuso que observar\u00e1 con atenci\u00f3n la evoluci\u00f3n de los acontecimientos y de las investigaciones que realicen las autoridades competentes para el esclarecimiento de los hechos e identificaci\u00f3n de los responsables, para que sean presentados ante la justicia y que reciban el castigo que en derecho corresponda, a fin de que estos casos no queden impunes.<\/p>\n\n\n\n<p>La CNDH exigi\u00f3 a las autoridades de procuraci\u00f3n de justicia indagar de manera exhaustiva los hechos, con especial atenci\u00f3n en la posible relaci\u00f3n de estos con la actividad period\u00edstica de las v\u00edctimas, coordinando acciones para la atenci\u00f3n integral de los familiares y v\u00edctimas indirectas en ambos casos.<\/p>\n\n\n\n<p>Advirti\u00f3 que las agresiones que suceden en agravio de integrantes del gremio de la comunicaci\u00f3n no s\u00f3lo afectan a sus integrantes, sino que, adem\u00e1s, representan un agravio a la sociedad, pues impide que esta sea ampliamente informada respecto a la transparencia en los procesos relacionados con la \u201ccosa p\u00fablica\u201d o dimensi\u00f3n social, as\u00ed como en la formaci\u00f3n de la opini\u00f3n p\u00fablica.<\/p>\n\n\n\n<p>Adem\u00e1s, la CNDH reconoci\u00f3 que M\u00e9xico es uno de los pa\u00edses m\u00e1s peligrosos para ejercer el periodismo en Am\u00e9rica Latina, en el que las agresiones m\u00e1s graves, por medios directos, como el secuestro, la desaparici\u00f3n y el homicidio contin\u00faan present\u00e1ndose de manera alarmante.<\/p>\n\n\n\n<p>En el caso de Gustavo S\u00e1nchez Cabrera, fue asesinado a balazos cuando iba a acompa\u00f1ado de su hijo, en la comunidad de Morro Mazat\u00e1n, perteneciente al municipio de Santo Domingo Tehuantepec, Oaxaca.<\/p>\n","protected":false},"excerpt":{"rendered":"<p>Redacci\u00f3n\/Zona Roja. Oaxaca de Ju\u00e1rez, Oax., 19 de junio de 2021.- La Comisi\u00f3n Nacional de&hellip;<\/p>\n","protected":false},"author":2,"featured_media":28743,"comment_status":"closed","ping_status":"open","sticky":false,"template":"","format":"standard","meta":{"_lmt_disableupdate":"","_lmt_disable":"","_jetpack_memberships_contains_paid_content":false,"footnotes":""},"categories":[109,47],"tags":[2749],"class_list":["post-28742","post","type-post","status-publish","format-standard","has-post-thumbnail","hentry","category-minuto-a-minuto","category-zona-gris","tag-gustavo-sanchez-cabrera-periodista"],"jetpack_featured_media_url":"https:\/\/zonaroja.com.mx\/wp-content\/uploads\/2021\/06\/Comunicado-CNDH-periodistas.jpg","jetpack_sharing_enabled":true,"_links":{"self":[{"href":"https:\/\/zonaroja.com.mx\/index.php?rest_route=\/wp\/v2\/posts\/28742","targetHints":{"allow":["GET"]}}],"collection":[{"href":"https:\/\/zonaroja.com.mx\/index.php?rest_route=\/wp\/v2\/posts"}],"about":[{"href":"https:\/\/zonaroja.com.mx\/index.php?rest_route=\/wp\/v2\/types\/post"}],"author":[{"embeddable":true,"href":"https:\/\/zonaroja.com.mx\/index.php?rest_route=\/wp\/v2\/users\/2"}],"replies":[{"embeddable":true,"href":"https:\/\/zonaroja.com.mx\/index.php?rest_route=%2Fwp%2Fv2%2Fcomments&post=28742"}],"version-history":[{"count":1,"href":"https:\/\/zonaroja.com.mx\/index.php?rest_route=\/wp\/v2\/posts\/28742\/revisions"}],"predecessor-version":[{"id":28744,"href":"https:\/\/zonaroja.com.mx\/index.php?rest_route=\/wp\/v2\/posts\/28742\/revisions\/28744"}],"wp:featuredmedia":[{"embeddable":true,"href":"https:\/\/zonaroja.com.mx\/index.php?rest_route=\/wp\/v2\/media\/28743"}],"wp:attachment":[{"href":"https:\/\/zonaroja.com.mx\/index.php?rest_route=%2Fwp%2Fv2%2Fmedia&parent=28742"}],"wp:term":[{"taxonomy":"category","embeddable":true,"href":"https:\/\/zonaroja.com.mx\/index.php?rest_route=%2Fwp%2Fv2%2Fcategories&post=28742"},{"taxonomy":"post_tag","embeddable":true,"href":"https:\/\/zonaroja.com.mx\/index.php?rest_route=%2Fwp%2Fv2%2Ftags&post=28742"}],"curies":[{"name":"wp","href":"https:\/\/api.w.org\/{rel}","templated":true}]}}